
{"id":22033,"date":"2011-04-16T10:58:27","date_gmt":"2011-04-16T13:58:27","guid":{"rendered":"http:\/\/www.politicosdosuldabahia.com.br\/v1\/?p=22033"},"modified":"2011-04-15T20:59:49","modified_gmt":"2011-04-15T23:59:49","slug":"tcm-aprova-contas-de-ibicarai","status":"publish","type":"post","link":"https:\/\/www.politicosdosuldabahia.com.br\/v1\/2011\/04\/16\/tcm-aprova-contas-de-ibicarai\/","title":{"rendered":"TCM APROVA CONTAS DE  IBICARA\u00cd"},"content":{"rendered":"<h4 style=\"text-align: justify;\"><span style=\"color: #000000;\">O Tribunal de Contas dos Munic\u00edpios do Estado da Bahia (TCM) aprovou as contas da Prefeitura de Ibicara\u00ed exerc\u00edcio 2009, que tem como gestor o prefeito Lenildo Santana. <\/span><\/h4>\n<h4 style=\"text-align: justify;\"><span style=\"color: #000000;\">O Parecer pr\u00e9vio n\u00famero 170\/11, foi assinado no dia 12 de abril pelo presidente do TMC, Paulo Maracaj\u00e1 e pelo relator Raimundo Moreira. <\/span><\/h4>\n<h4 style=\"text-align: justify;\"><span style=\"color: #000000;\">As contas que foram enviadas pela C\u00e2mara Municipal de Ibicara\u00ed em cumprimento ao artigo 55, da Lei Complementar 06\/91 teveram inicialmente o acompanhamento da 4\u00aa. IRCE- Inspetoria Regional de Controle Externo, sediada em Itabuna.<\/span><\/h4>\n","protected":false},"excerpt":{"rendered":"<p>O Tribunal de Contas dos Munic\u00edpios do Estado da Bahia (TCM) aprovou as contas da Prefeitura de Ibicara\u00ed exerc\u00edcio 2009, que tem como gestor o prefeito Lenildo Santana. O Parecer pr\u00e9vio n\u00famero 170\/11, foi assinado no dia 12 de abril pelo presidente do TMC, Paulo Maracaj\u00e1 e pelo relator Raimundo Moreira. As contas que foram [&hellip;]<\/p>\n","protected":false},"author":2,"featured_media":0,"comment_status":"open","ping_status":"open","sticky":false,"template":"","format":"standard","meta":{"footnotes":"","_links_to":"","_links_to_target":""},"categories":[1],"tags":[],"class_list":["post-22033","post","type-post","status-publish","format-standard","hentry","category-geral"],"views":1526,"_links":{"self":[{"href":"https:\/\/www.politicosdosuldabahia.com.br\/v1\/wp-json\/wp\/v2\/posts\/22033"}],"collection":[{"href":"https:\/\/www.politicosdosuldabahia.com.br\/v1\/wp-json\/wp\/v2\/posts"}],"about":[{"href":"https:\/\/www.politicosdosuldabahia.com.br\/v1\/wp-json\/wp\/v2\/types\/post"}],"author":[{"embeddable":true,"href":"https:\/\/www.politicosdosuldabahia.com.br\/v1\/wp-json\/wp\/v2\/users\/2"}],"replies":[{"embeddable":true,"href":"https:\/\/www.politicosdosuldabahia.com.br\/v1\/wp-json\/wp\/v2\/comments?post=22033"}],"version-history":[{"count":3,"href":"https:\/\/www.politicosdosuldabahia.com.br\/v1\/wp-json\/wp\/v2\/posts\/22033\/revisions"}],"predecessor-version":[{"id":22036,"href":"https:\/\/www.politicosdosuldabahia.com.br\/v1\/wp-json\/wp\/v2\/posts\/22033\/revisions\/22036"}],"wp:attachment":[{"href":"https:\/\/www.politicosdosuldabahia.com.br\/v1\/wp-json\/wp\/v2\/media?parent=22033"}],"wp:term":[{"taxonomy":"category","embeddable":true,"href":"https:\/\/www.politicosdosuldabahia.com.br\/v1\/wp-json\/wp\/v2\/categories?post=22033"},{"taxonomy":"post_tag","embeddable":true,"href":"https:\/\/www.politicosdosuldabahia.com.br\/v1\/wp-json\/wp\/v2\/tags?post=22033"}],"curies":[{"name":"wp","href":"https:\/\/api.w.org\/{rel}","templated":true}]}}