
{"id":21025,"date":"2011-03-25T17:45:28","date_gmt":"2011-03-25T20:45:28","guid":{"rendered":"http:\/\/www.politicosdosuldabahia.com.br\/v1\/?p=21025"},"modified":"2011-03-25T16:16:18","modified_gmt":"2011-03-25T19:16:18","slug":"itapetinga-ferias-coletiva-da-azaleia","status":"publish","type":"post","link":"https:\/\/www.politicosdosuldabahia.com.br\/v1\/2011\/03\/25\/itapetinga-ferias-coletiva-da-azaleia\/","title":{"rendered":"ITAPETINGA: F\u00c9RIAS COLETIVA DA AZAL\u00c9IA"},"content":{"rendered":"<h4 style=\"text-align: justify;\"><span style=\"color: #000000;\">As especula\u00e7\u00f5es andaram soltas na f\u00e1brica Vulcabras\/Azal\u00e9ia , nesta quinta-feira (23). Segundo informa\u00e7\u00f5es n\u00e3o oficiais,  a empresa estuda a possibilidade de fechar a f\u00e1brica por 30 dias, dando f\u00e9rias coletivas para seus 12 mil funcion\u00e1rios.<\/span><br \/>\n<span style=\"color: #ffffff;\"> .<\/span><br \/>\n<span style=\"color: #000000;\"> N\u00e3o est\u00e1 claro o objetivo da medida, mas h\u00e1 quem aposte que a ind\u00fastria quer pressionar o governo em busca de mais incentivos fiscais, ou ganhar tempo para reestruturar a f\u00e1brica, com a demiss\u00e3o de 4 ou 5 mil funcion\u00e1rios, como vem sendo ventilado por assessores da empresa.<\/span><br \/>\n<span style=\"color: #ffffff;\"> .<\/span><br \/>\n<span style=\"color: #000000;\"> Esta semana foi dado sinal verde para os gerentes de divis\u00f5es indicarem os nomes dos trabalhadores que entrar\u00e3o de f\u00e9rias nos galp\u00f5es que est\u00e3o com excesso de produ\u00e7\u00e3o ou sem encomendas. Caso se confirmem essas demiss\u00f5es, as consequ\u00eancias ser\u00e3o desastrosa para a economia local e regional.<\/span><br \/>\n<span style=\"color: #ffffff;\"> .<\/span><br \/>\n<span style=\"color: #000000;\"> Do site \u201c Itapetinga Net\u201d.<\/span><\/h4>\n","protected":false},"excerpt":{"rendered":"<p>As especula\u00e7\u00f5es andaram soltas na f\u00e1brica Vulcabras\/Azal\u00e9ia , nesta quinta-feira (23). Segundo informa\u00e7\u00f5es n\u00e3o oficiais, a empresa estuda a possibilidade de fechar a f\u00e1brica por 30 dias, dando f\u00e9rias coletivas para seus 12 mil funcion\u00e1rios. . N\u00e3o est\u00e1 claro o objetivo da medida, mas h\u00e1 quem aposte que a ind\u00fastria quer pressionar o governo em [&hellip;]<\/p>\n","protected":false},"author":2,"featured_media":0,"comment_status":"open","ping_status":"open","sticky":false,"template":"","format":"standard","meta":{"footnotes":"","_links_to":"","_links_to_target":""},"categories":[1],"tags":[],"class_list":["post-21025","post","type-post","status-publish","format-standard","hentry","category-geral"],"views":2139,"_links":{"self":[{"href":"https:\/\/www.politicosdosuldabahia.com.br\/v1\/wp-json\/wp\/v2\/posts\/21025"}],"collection":[{"href":"https:\/\/www.politicosdosuldabahia.com.br\/v1\/wp-json\/wp\/v2\/posts"}],"about":[{"href":"https:\/\/www.politicosdosuldabahia.com.br\/v1\/wp-json\/wp\/v2\/types\/post"}],"author":[{"embeddable":true,"href":"https:\/\/www.politicosdosuldabahia.com.br\/v1\/wp-json\/wp\/v2\/users\/2"}],"replies":[{"embeddable":true,"href":"https:\/\/www.politicosdosuldabahia.com.br\/v1\/wp-json\/wp\/v2\/comments?post=21025"}],"version-history":[{"count":2,"href":"https:\/\/www.politicosdosuldabahia.com.br\/v1\/wp-json\/wp\/v2\/posts\/21025\/revisions"}],"predecessor-version":[{"id":21027,"href":"https:\/\/www.politicosdosuldabahia.com.br\/v1\/wp-json\/wp\/v2\/posts\/21025\/revisions\/21027"}],"wp:attachment":[{"href":"https:\/\/www.politicosdosuldabahia.com.br\/v1\/wp-json\/wp\/v2\/media?parent=21025"}],"wp:term":[{"taxonomy":"category","embeddable":true,"href":"https:\/\/www.politicosdosuldabahia.com.br\/v1\/wp-json\/wp\/v2\/categories?post=21025"},{"taxonomy":"post_tag","embeddable":true,"href":"https:\/\/www.politicosdosuldabahia.com.br\/v1\/wp-json\/wp\/v2\/tags?post=21025"}],"curies":[{"name":"wp","href":"https:\/\/api.w.org\/{rel}","templated":true}]}}