
{"id":197749,"date":"2026-04-30T18:49:53","date_gmt":"2026-04-30T21:49:53","guid":{"rendered":"https:\/\/www.politicosdosuldabahia.com.br\/v1\/?p=197749"},"modified":"2026-04-30T18:49:53","modified_gmt":"2026-04-30T21:49:53","slug":"itacare-comitiva-avanca-em-brasilia-com-agenda-intensa-por-investimentos","status":"publish","type":"post","link":"https:\/\/www.politicosdosuldabahia.com.br\/v1\/2026\/04\/30\/itacare-comitiva-avanca-em-brasilia-com-agenda-intensa-por-investimentos\/","title":{"rendered":"ITACAR\u00c9: COMITIVA AVAN\u00c7A EM BRAS\u00cdLIA COM AGENDA INTENSA POR INVESTIMENTOS"},"content":{"rendered":"<p><img loading=\"lazy\" decoding=\"async\" class=\"aligncenter wp-image-197750\" src=\"http:\/\/www.politicosdosuldabahia.com.br\/v1\/wp-content\/uploads\/2026\/04\/WhatsApp-Image-2026-04-30-at-14.24.41.jpeg\" alt=\"\" width=\"455\" height=\"317\" srcset=\"https:\/\/www.politicosdosuldabahia.com.br\/v1\/wp-content\/uploads\/2026\/04\/WhatsApp-Image-2026-04-30-at-14.24.41.jpeg 600w, https:\/\/www.politicosdosuldabahia.com.br\/v1\/wp-content\/uploads\/2026\/04\/WhatsApp-Image-2026-04-30-at-14.24.41-300x209.jpeg 300w\" sizes=\"(max-width: 455px) 100vw, 455px\" \/><\/p>\n<h3 style=\"text-align: justify\">Durante a participa\u00e7\u00e3o na Marcha dos Vereadores, em Bras\u00edlia, a comitiva de Itacar\u00e9 tem intensificado uma s\u00e9rie de agendas institucionais em busca de investimentos e parcerias para o munic\u00edpio. O grupo \u00e9 formado pelo presidente da C\u00e2mara, Renilson, o vice-presidente Pedr\u00e3o e os vereadores Djone, Nego Day, Breno, Gilberto, Tonho do Bicho e Jionez, al\u00e9m do vice-prefeito Z\u00e9 Washington e do secret\u00e1rio municipal Albert Queiroz.<\/h3>\n<h3 style=\"text-align: justify\">Ao longo da programa\u00e7\u00e3o, os parlamentares visitaram importantes lideran\u00e7as no Congresso Nacional, entre elas os deputados federais Jorge Solla, Alice Portugal, Paulo Magalh\u00e3es e M\u00e1rcio Marinho. A comitiva tamb\u00e9m cumpriu agenda com o senador Otto Alencar, refor\u00e7ando o di\u00e1logo em torno de novos investimentos para Itacar\u00e9.<\/h3>\n<h3 style=\"text-align: justify\">Outro destaque da agenda foi a visita ao Minist\u00e9rio da Agricultura, onde os representantes do munic\u00edpio estiveram acompanhados de Danilo Reis, tratando de demandas voltadas ao fortalecimento da zona rural e apoio ao produtor local. A comitiva tamb\u00e9m participou de reuni\u00e3o na Codevasf, em audi\u00eancia com o diretor Vivaldo Mendon\u00e7a, discutindo projetos estruturantes para o munic\u00edpio.<\/h3>\n<h3 style=\"text-align: justify\">O vice-prefeito Z\u00e9 Washington destacou a import\u00e2ncia da uni\u00e3o entre os poderes e o protagonismo da gest\u00e3o municipal nas articula\u00e7\u00f5es em Bras\u00edlia. \u201cEstamos aqui representando o prefeito Nego de Saronga, que tem conduzido Itacar\u00e9 com lideran\u00e7a, responsabilidade e compromisso com o desenvolvimento. Essa agenda \u00e9 fruto de um trabalho conjunto, que busca garantir mais avan\u00e7os para nossa cidade\u201d, afirmou.<\/h3>\n<h3 style=\"text-align: justify\">A participa\u00e7\u00e3o ativa da comitiva refor\u00e7a o compromisso das lideran\u00e7as de Itacar\u00e9 com a busca por recursos e pol\u00edticas p\u00fablicas que contribuam para o crescimento do munic\u00edpio, fortalecendo \u00e1reas essenciais como infraestrutura, agricultura e servi\u00e7os p\u00fablicos.<\/h3>\n","protected":false},"excerpt":{"rendered":"<p>Durante a participa\u00e7\u00e3o na Marcha dos Vereadores, em Bras\u00edlia, a comitiva de Itacar\u00e9 tem intensificado uma s\u00e9rie de agendas institucionais em busca de investimentos e parcerias para o munic\u00edpio. O grupo \u00e9 formado pelo presidente da C\u00e2mara, Renilson, o vice-presidente Pedr\u00e3o e os vereadores Djone, Nego Day, Breno, Gilberto, Tonho do Bicho e Jionez, al\u00e9m [&hellip;]<\/p>\n","protected":false},"author":992,"featured_media":197750,"comment_status":"open","ping_status":"closed","sticky":false,"template":"","format":"standard","meta":{"footnotes":"","_links_to":"","_links_to_target":""},"categories":[3],"tags":[],"class_list":["post-197749","post","type-post","status-publish","format-standard","has-post-thumbnail","hentry","category-cidades"],"views":55,"_links":{"self":[{"href":"https:\/\/www.politicosdosuldabahia.com.br\/v1\/wp-json\/wp\/v2\/posts\/197749"}],"collection":[{"href":"https:\/\/www.politicosdosuldabahia.com.br\/v1\/wp-json\/wp\/v2\/posts"}],"about":[{"href":"https:\/\/www.politicosdosuldabahia.com.br\/v1\/wp-json\/wp\/v2\/types\/post"}],"author":[{"embeddable":true,"href":"https:\/\/www.politicosdosuldabahia.com.br\/v1\/wp-json\/wp\/v2\/users\/992"}],"replies":[{"embeddable":true,"href":"https:\/\/www.politicosdosuldabahia.com.br\/v1\/wp-json\/wp\/v2\/comments?post=197749"}],"version-history":[{"count":1,"href":"https:\/\/www.politicosdosuldabahia.com.br\/v1\/wp-json\/wp\/v2\/posts\/197749\/revisions"}],"predecessor-version":[{"id":197751,"href":"https:\/\/www.politicosdosuldabahia.com.br\/v1\/wp-json\/wp\/v2\/posts\/197749\/revisions\/197751"}],"wp:featuredmedia":[{"embeddable":true,"href":"https:\/\/www.politicosdosuldabahia.com.br\/v1\/wp-json\/wp\/v2\/media\/197750"}],"wp:attachment":[{"href":"https:\/\/www.politicosdosuldabahia.com.br\/v1\/wp-json\/wp\/v2\/media?parent=197749"}],"wp:term":[{"taxonomy":"category","embeddable":true,"href":"https:\/\/www.politicosdosuldabahia.com.br\/v1\/wp-json\/wp\/v2\/categories?post=197749"},{"taxonomy":"post_tag","embeddable":true,"href":"https:\/\/www.politicosdosuldabahia.com.br\/v1\/wp-json\/wp\/v2\/tags?post=197749"}],"curies":[{"name":"wp","href":"https:\/\/api.w.org\/{rel}","templated":true}]}}