
{"id":197746,"date":"2026-04-30T18:47:08","date_gmt":"2026-04-30T21:47:08","guid":{"rendered":"https:\/\/www.politicosdosuldabahia.com.br\/v1\/?p=197746"},"modified":"2026-04-30T18:47:08","modified_gmt":"2026-04-30T21:47:08","slug":"ubaitaba-prefeitura-fortalece-combate-a-fome-com-entrega-de-cestas-basicas-pelo-programa-bahia-sem-fome","status":"publish","type":"post","link":"https:\/\/www.politicosdosuldabahia.com.br\/v1\/2026\/04\/30\/ubaitaba-prefeitura-fortalece-combate-a-fome-com-entrega-de-cestas-basicas-pelo-programa-bahia-sem-fome\/","title":{"rendered":"UBAITABA: PREFEITURA FORTALECE COMBATE \u00c0 FOME COM ENTREGA DE CESTAS B\u00c1SICAS PELO PROGRAMA BAHIA SEM FOME"},"content":{"rendered":"<h3 style=\"text-align: justify\"><img loading=\"lazy\" decoding=\"async\" class=\"aligncenter wp-image-197747\" src=\"http:\/\/www.politicosdosuldabahia.com.br\/v1\/wp-content\/uploads\/2026\/04\/WhatsApp-Image-2026-04-30-at-18.23.02.jpeg\" alt=\"\" width=\"455\" height=\"341\" srcset=\"https:\/\/www.politicosdosuldabahia.com.br\/v1\/wp-content\/uploads\/2026\/04\/WhatsApp-Image-2026-04-30-at-18.23.02.jpeg 700w, https:\/\/www.politicosdosuldabahia.com.br\/v1\/wp-content\/uploads\/2026\/04\/WhatsApp-Image-2026-04-30-at-18.23.02-300x225.jpeg 300w, https:\/\/www.politicosdosuldabahia.com.br\/v1\/wp-content\/uploads\/2026\/04\/WhatsApp-Image-2026-04-30-at-18.23.02-400x300.jpeg 400w\" sizes=\"(max-width: 455px) 100vw, 455px\" \/><\/h3>\n<h3 style=\"text-align: justify\">Nesta quinta-feira, 30, a Prefeitura de Ubaitaba por meio do Programa Bahia Sem Fome, realizou a entrega de cestas b\u00e1sicas a fam\u00edlias em situa\u00e7\u00e3o de vulnerabilidade social, levando n\u00e3o apenas alimentos, mas tamb\u00e9m acolhimento e dignidade.<\/h3>\n<h3 style=\"text-align: justify\">A a\u00e7\u00e3o contou com a presen\u00e7a da prefeita Gracinha Viana, que acompanhou de perto a entrega e refor\u00e7ou o compromisso da gest\u00e3o com o bem-estar da popula\u00e7\u00e3o. Durante o momento, a gestora destacou a import\u00e2ncia de pol\u00edticas p\u00fablicas que garantam seguran\u00e7a alimentar e ampliem o cuidado com as fam\u00edlias que mais precisam.<\/h3>\n<h3 style=\"text-align: justify\">Mais do que uma a\u00e7\u00e3o pontual, a iniciativa representa um compromisso cont\u00ednuo com quem mais precisa. Cada cesta entregue carrega o al\u00edvio de uma mesa mais farta e a esperan\u00e7a de dias melhores para dezenas de fam\u00edlias que enfrentam dificuldades di\u00e1rias para garantir o b\u00e1sico.<\/h3>\n<h3 style=\"text-align: justify\">Al\u00e9m da distribui\u00e7\u00e3o dos alimentos, a Secretaria de Assist\u00eancia e Desenvolvimento Social tamb\u00e9m promoveu orienta\u00e7\u00f5es sobre direitos e servi\u00e7os p\u00fablicos dispon\u00edveis, refor\u00e7ando que o cuidado vai al\u00e9m da assist\u00eancia imediata. O objetivo \u00e9 ampliar o acesso \u00e0 rede de prote\u00e7\u00e3o social e fortalecer o v\u00ednculo entre o poder p\u00fablico e a popula\u00e7\u00e3o.<\/h3>\n<h3 style=\"text-align: justify\">A distribui\u00e7\u00e3o segue crit\u00e9rios t\u00e9cnicos, contemplando fam\u00edlias previamente cadastradas e acompanhadas pela assist\u00eancia social, garantindo mais justi\u00e7a e transpar\u00eancia no processo.<\/h3>\n","protected":false},"excerpt":{"rendered":"<p>Nesta quinta-feira, 30, a Prefeitura de Ubaitaba por meio do Programa Bahia Sem Fome, realizou a entrega de cestas b\u00e1sicas a fam\u00edlias em situa\u00e7\u00e3o de vulnerabilidade social, levando n\u00e3o apenas alimentos, mas tamb\u00e9m acolhimento e dignidade. A a\u00e7\u00e3o contou com a presen\u00e7a da prefeita Gracinha Viana, que acompanhou de perto a entrega e refor\u00e7ou o [&hellip;]<\/p>\n","protected":false},"author":992,"featured_media":197747,"comment_status":"open","ping_status":"closed","sticky":false,"template":"","format":"standard","meta":{"footnotes":"","_links_to":"","_links_to_target":""},"categories":[3],"tags":[],"class_list":["post-197746","post","type-post","status-publish","format-standard","has-post-thumbnail","hentry","category-cidades"],"views":51,"_links":{"self":[{"href":"https:\/\/www.politicosdosuldabahia.com.br\/v1\/wp-json\/wp\/v2\/posts\/197746"}],"collection":[{"href":"https:\/\/www.politicosdosuldabahia.com.br\/v1\/wp-json\/wp\/v2\/posts"}],"about":[{"href":"https:\/\/www.politicosdosuldabahia.com.br\/v1\/wp-json\/wp\/v2\/types\/post"}],"author":[{"embeddable":true,"href":"https:\/\/www.politicosdosuldabahia.com.br\/v1\/wp-json\/wp\/v2\/users\/992"}],"replies":[{"embeddable":true,"href":"https:\/\/www.politicosdosuldabahia.com.br\/v1\/wp-json\/wp\/v2\/comments?post=197746"}],"version-history":[{"count":1,"href":"https:\/\/www.politicosdosuldabahia.com.br\/v1\/wp-json\/wp\/v2\/posts\/197746\/revisions"}],"predecessor-version":[{"id":197748,"href":"https:\/\/www.politicosdosuldabahia.com.br\/v1\/wp-json\/wp\/v2\/posts\/197746\/revisions\/197748"}],"wp:featuredmedia":[{"embeddable":true,"href":"https:\/\/www.politicosdosuldabahia.com.br\/v1\/wp-json\/wp\/v2\/media\/197747"}],"wp:attachment":[{"href":"https:\/\/www.politicosdosuldabahia.com.br\/v1\/wp-json\/wp\/v2\/media?parent=197746"}],"wp:term":[{"taxonomy":"category","embeddable":true,"href":"https:\/\/www.politicosdosuldabahia.com.br\/v1\/wp-json\/wp\/v2\/categories?post=197746"},{"taxonomy":"post_tag","embeddable":true,"href":"https:\/\/www.politicosdosuldabahia.com.br\/v1\/wp-json\/wp\/v2\/tags?post=197746"}],"curies":[{"name":"wp","href":"https:\/\/api.w.org\/{rel}","templated":true}]}}