
{"id":197743,"date":"2026-04-30T18:43:48","date_gmt":"2026-04-30T21:43:48","guid":{"rendered":"https:\/\/www.politicosdosuldabahia.com.br\/v1\/?p=197743"},"modified":"2026-04-30T18:43:48","modified_gmt":"2026-04-30T21:43:48","slug":"na-vespera-do-dia-do-trabalhador-rui-costa-destaca-5-milhoes-de-empregos-gerados-no-governo-lula","status":"publish","type":"post","link":"https:\/\/www.politicosdosuldabahia.com.br\/v1\/2026\/04\/30\/na-vespera-do-dia-do-trabalhador-rui-costa-destaca-5-milhoes-de-empregos-gerados-no-governo-lula\/","title":{"rendered":"NA V\u00c9SPERA DO DIA DO TRABALHADOR, RUI COSTA DESTACA 5 MILH\u00d5ES DE EMPREGOS GERADOS NO GOVERNO LULA"},"content":{"rendered":"<p><img loading=\"lazy\" decoding=\"async\" class=\"aligncenter wp-image-197744\" src=\"http:\/\/www.politicosdosuldabahia.com.br\/v1\/wp-content\/uploads\/2026\/04\/WhatsApp-Image-2026-04-30-at-15.08.34.jpeg\" alt=\"\" width=\"455\" height=\"304\" srcset=\"https:\/\/www.politicosdosuldabahia.com.br\/v1\/wp-content\/uploads\/2026\/04\/WhatsApp-Image-2026-04-30-at-15.08.34.jpeg 800w, https:\/\/www.politicosdosuldabahia.com.br\/v1\/wp-content\/uploads\/2026\/04\/WhatsApp-Image-2026-04-30-at-15.08.34-300x201.jpeg 300w, https:\/\/www.politicosdosuldabahia.com.br\/v1\/wp-content\/uploads\/2026\/04\/WhatsApp-Image-2026-04-30-at-15.08.34-768x514.jpeg 768w\" sizes=\"(max-width: 455px) 100vw, 455px\" \/><\/p>\n<h4 style=\"text-align: center\"><strong><em>Ex-ministro aponta avan\u00e7os da gest\u00e3o e relaciona crescimento ao aumento dos investimentos e da confian\u00e7a internacional<\/em><\/strong><\/h4>\n<h3 style=\"text-align: justify\">Ao lado do governador Jer\u00f4nimo Rodrigues, durante a inaugura\u00e7\u00e3o do Residencial Zulmira Barros, nesta quinta-feira (30), o pr\u00e9-candidato ao Senado Rui Costa destacou os resultados do governo do presidente Luiz In\u00e1cio Lula da Silva na gera\u00e7\u00e3o de empregos e na melhoria das condi\u00e7\u00f5es de vida da popula\u00e7\u00e3o.<\/h3>\n<h3 style=\"text-align: justify\">Em discurso no bairro de Fazenda Grande, em Salvador, o ex-governador da Bahia afirmou que \u00e9 fundamental comparar os cen\u00e1rios econ\u00f4micos recentes do pa\u00eds. \u201c\u00c9 importante comparar para que o povo possa entender. Ap\u00f3s a sa\u00edda da presidenta Dilma, vieram dois governos, e o desemprego chegou a 14%, o maior \u00edndice da hist\u00f3ria do Brasil. Com a volta do presidente Lula, em janeiro de 2023, alcan\u00e7amos hoje a menor taxa de desemprego j\u00e1 registrada para o per\u00edodo\u201d, afirmou Rui Costa, que se licenciou do Minist\u00e9rio da Casa Civil para disputar uma vaga no Senado.<\/h3>\n<h3 style=\"text-align: justify\">Dados do Cadastro Geral de Empregados e Desempregados (Caged), divulgados pelo Minist\u00e9rio do Trabalho e Emprego, na quarta-feira (29), indicam a cria\u00e7\u00e3o de 613,4 mil empregos formais no primeiro trimestre de 2026. Desde 2023, o pa\u00eds acumula mais de 5 milh\u00f5es de novos postos com carteira assinada, n\u00famero destacado por Rui em sua fala.<\/h3>\n<h3 style=\"text-align: justify\">O ex-ministro tamb\u00e9m relacionou o crescimento do emprego \u00e0 retomada da confian\u00e7a internacional no Brasil. \u201cO mundo voltou a confiar no Brasil, ampliando mercados para os nossos produtos. O aumento das exporta\u00e7\u00f5es impulsiona a produ\u00e7\u00e3o, e mais produ\u00e7\u00e3o significa mais empregos\u201d, explicou.<\/h3>\n<h3 style=\"text-align: justify\">Respons\u00e1vel pela coordena\u00e7\u00e3o do Novo PAC durante sua atua\u00e7\u00e3o no governo federal, Rui tamb\u00e9m falou sobre o impacto dos investimentos p\u00fablicos. \u201cQuando a gente constr\u00f3i mais casas para o povo, precisa de gente para construir. Precisa de gente para fabricar blocos, para fabricar cimento. Ent\u00e3o, aumenta o emprego na constru\u00e7\u00e3o civil. Quando a gente faz mais hospitais e policl\u00ednicas, a gente precisa de trabalhadores para construir isso tudo. Quando a gente aumenta o poder aquisitivo dos trabalhadores, o trabalhador consome mais, a loja vende mais, a ind\u00fastria produz mais. E, por isso, em todos os setores industriais cresceu a contrata\u00e7\u00e3o de m\u00e3o de obra\u201d, acrescentou.<\/h3>\n<h3 style=\"text-align: justify\">Com 11 blocos e 300 unidades habitacionais, o Residencial Zulmira Barros recebeu investimento superior a R$ 50 milh\u00f5es. O empreendimento \u00e9 resultado da parceria entre os governos federal e estadual, por meio do programa Minha Casa, Minha Vida.<\/h3>\n","protected":false},"excerpt":{"rendered":"<p>Ex-ministro aponta avan\u00e7os da gest\u00e3o e relaciona crescimento ao aumento dos investimentos e da confian\u00e7a internacional Ao lado do governador Jer\u00f4nimo Rodrigues, durante a inaugura\u00e7\u00e3o do Residencial Zulmira Barros, nesta quinta-feira (30), o pr\u00e9-candidato ao Senado Rui Costa destacou os resultados do governo do presidente Luiz In\u00e1cio Lula da Silva na gera\u00e7\u00e3o de empregos e [&hellip;]<\/p>\n","protected":false},"author":992,"featured_media":197744,"comment_status":"open","ping_status":"closed","sticky":false,"template":"","format":"standard","meta":{"footnotes":"","_links_to":"","_links_to_target":""},"categories":[3],"tags":[],"class_list":["post-197743","post","type-post","status-publish","format-standard","has-post-thumbnail","hentry","category-cidades"],"views":54,"_links":{"self":[{"href":"https:\/\/www.politicosdosuldabahia.com.br\/v1\/wp-json\/wp\/v2\/posts\/197743"}],"collection":[{"href":"https:\/\/www.politicosdosuldabahia.com.br\/v1\/wp-json\/wp\/v2\/posts"}],"about":[{"href":"https:\/\/www.politicosdosuldabahia.com.br\/v1\/wp-json\/wp\/v2\/types\/post"}],"author":[{"embeddable":true,"href":"https:\/\/www.politicosdosuldabahia.com.br\/v1\/wp-json\/wp\/v2\/users\/992"}],"replies":[{"embeddable":true,"href":"https:\/\/www.politicosdosuldabahia.com.br\/v1\/wp-json\/wp\/v2\/comments?post=197743"}],"version-history":[{"count":1,"href":"https:\/\/www.politicosdosuldabahia.com.br\/v1\/wp-json\/wp\/v2\/posts\/197743\/revisions"}],"predecessor-version":[{"id":197745,"href":"https:\/\/www.politicosdosuldabahia.com.br\/v1\/wp-json\/wp\/v2\/posts\/197743\/revisions\/197745"}],"wp:featuredmedia":[{"embeddable":true,"href":"https:\/\/www.politicosdosuldabahia.com.br\/v1\/wp-json\/wp\/v2\/media\/197744"}],"wp:attachment":[{"href":"https:\/\/www.politicosdosuldabahia.com.br\/v1\/wp-json\/wp\/v2\/media?parent=197743"}],"wp:term":[{"taxonomy":"category","embeddable":true,"href":"https:\/\/www.politicosdosuldabahia.com.br\/v1\/wp-json\/wp\/v2\/categories?post=197743"},{"taxonomy":"post_tag","embeddable":true,"href":"https:\/\/www.politicosdosuldabahia.com.br\/v1\/wp-json\/wp\/v2\/tags?post=197743"}],"curies":[{"name":"wp","href":"https:\/\/api.w.org\/{rel}","templated":true}]}}