
{"id":197732,"date":"2026-04-30T10:38:34","date_gmt":"2026-04-30T13:38:34","guid":{"rendered":"https:\/\/www.politicosdosuldabahia.com.br\/v1\/?p=197732"},"modified":"2026-04-30T10:38:34","modified_gmt":"2026-04-30T13:38:34","slug":"buerarema-governo-do-estado-publica-aviso-de-licitacao-para-reforma-do-estadio-e-construcao-da-areninha-society","status":"publish","type":"post","link":"https:\/\/www.politicosdosuldabahia.com.br\/v1\/2026\/04\/30\/buerarema-governo-do-estado-publica-aviso-de-licitacao-para-reforma-do-estadio-e-construcao-da-areninha-society\/","title":{"rendered":"BUERAREMA: GOVERNO DO ESTADO PUBLICA AVISO DE LICITA\u00c7\u00c3O PARA REFORMA DO EST\u00c1DIO E CONSTRU\u00c7\u00c3O DA ARENINHA SOCIETY"},"content":{"rendered":"<h3 style=\"text-align: justify\"><img loading=\"lazy\" decoding=\"async\" class=\"wp-image-197733 aligncenter\" src=\"http:\/\/www.politicosdosuldabahia.com.br\/v1\/wp-content\/uploads\/2026\/04\/GEL-E-JERONIMO1.jpg\" alt=\"\" width=\"368\" height=\"455\" srcset=\"https:\/\/www.politicosdosuldabahia.com.br\/v1\/wp-content\/uploads\/2026\/04\/GEL-E-JERONIMO1.jpg 647w, https:\/\/www.politicosdosuldabahia.com.br\/v1\/wp-content\/uploads\/2026\/04\/GEL-E-JERONIMO1-243x300.jpg 243w\" sizes=\"(max-width: 368px) 100vw, 368px\" \/><\/h3>\n<h3 style=\"text-align: justify\">Foi publicado no Di\u00e1rio Oficial do Estado o aviso de licita\u00e7\u00e3o para concorr\u00eancia eletr\u00f4nica visando \u00e0 reforma do Est\u00e1dio Municipal de Buerarema e \u00e0 constru\u00e7\u00e3o da Areninha Society.<\/h3>\n<h3 style=\"text-align: justify\">O pedido para a realiza\u00e7\u00e3o dessas obras foi feito pelo prefeito Gel da Farm\u00e1cia e sua equipe ainda durante a primeira audi\u00eancia com o governador Jer\u00f4nimo Rodrigues, em fevereiro de 2025, ocasi\u00e3o em que tamb\u00e9m foram apresentadas diversas outras solicita\u00e7\u00f5es voltadas ao esporte, sa\u00fade, infraestrutura, assist\u00eancia social, agricultura e educa\u00e7\u00e3o.<\/h3>\n<h3 style=\"text-align: justify\">Desde ent\u00e3o, o munic\u00edpio vem sendo contemplado com importantes investimentos, incluindo recursos para a sa\u00fade, al\u00e9m da entrega de ve\u00edculos e equipamentos como \u00f4nibus escolares, viaturas, ambul\u00e2ncias, trator, entre outros benef\u00edcios que fortalecem os servi\u00e7os p\u00fablicos.<\/h3>\n<h3 style=\"text-align: justify\">Na \u00e1rea de infraestrutura, j\u00e1 est\u00e1 em execu\u00e7\u00e3o a obra de pavimenta\u00e7\u00e3o asf\u00e1ltica da BR-251, no trecho que liga o centro ao cemit\u00e9rio municipal. Outro avan\u00e7o significativo \u00e9 o andamento do processo para a execu\u00e7\u00e3o da BA-668, que se encontra em est\u00e1gio avan\u00e7ado, com previs\u00e3o de in\u00edcio das obras em breve.<\/h3>\n<h3 style=\"text-align: justify\">O prefeito Gel da Farm\u00e1cia destacou a import\u00e2ncia das parcerias pol\u00edticas para a concretiza\u00e7\u00e3o dessas conquistas. \u201cContamos com o grande apoio do deputado federal Paulo Magalh\u00e3es e do deputado estadual Eduardo Salles, que caminham junto conosco nessa luta por mais investimentos e melhorias para Buerarema. Tamb\u00e9m agrade\u00e7o ao governador Jer\u00f4nimo Rodrigues pelo compromisso e aten\u00e7\u00e3o com o nosso munic\u00edpio\u201d, afirmou.<\/h3>\n<h3 style=\"text-align: justify\">As novas interven\u00e7\u00f5es no esporte, com a reforma do est\u00e1dio e a constru\u00e7\u00e3o da areninha, representam mais um passo importante no compromisso da gest\u00e3o municipal em ampliar os espa\u00e7os de lazer, incentivar a pr\u00e1tica esportiva e promover mais qualidade de vida para a popula\u00e7\u00e3o de Buerarema.<\/h3>\n","protected":false},"excerpt":{"rendered":"<p>Foi publicado no Di\u00e1rio Oficial do Estado o aviso de licita\u00e7\u00e3o para concorr\u00eancia eletr\u00f4nica visando \u00e0 reforma do Est\u00e1dio Municipal de Buerarema e \u00e0 constru\u00e7\u00e3o da Areninha Society. O pedido para a realiza\u00e7\u00e3o dessas obras foi feito pelo prefeito Gel da Farm\u00e1cia e sua equipe ainda durante a primeira audi\u00eancia com o governador Jer\u00f4nimo Rodrigues, [&hellip;]<\/p>\n","protected":false},"author":992,"featured_media":197733,"comment_status":"open","ping_status":"closed","sticky":false,"template":"","format":"standard","meta":{"footnotes":"","_links_to":"","_links_to_target":""},"categories":[3],"tags":[],"class_list":["post-197732","post","type-post","status-publish","format-standard","has-post-thumbnail","hentry","category-cidades"],"views":65,"_links":{"self":[{"href":"https:\/\/www.politicosdosuldabahia.com.br\/v1\/wp-json\/wp\/v2\/posts\/197732"}],"collection":[{"href":"https:\/\/www.politicosdosuldabahia.com.br\/v1\/wp-json\/wp\/v2\/posts"}],"about":[{"href":"https:\/\/www.politicosdosuldabahia.com.br\/v1\/wp-json\/wp\/v2\/types\/post"}],"author":[{"embeddable":true,"href":"https:\/\/www.politicosdosuldabahia.com.br\/v1\/wp-json\/wp\/v2\/users\/992"}],"replies":[{"embeddable":true,"href":"https:\/\/www.politicosdosuldabahia.com.br\/v1\/wp-json\/wp\/v2\/comments?post=197732"}],"version-history":[{"count":1,"href":"https:\/\/www.politicosdosuldabahia.com.br\/v1\/wp-json\/wp\/v2\/posts\/197732\/revisions"}],"predecessor-version":[{"id":197734,"href":"https:\/\/www.politicosdosuldabahia.com.br\/v1\/wp-json\/wp\/v2\/posts\/197732\/revisions\/197734"}],"wp:featuredmedia":[{"embeddable":true,"href":"https:\/\/www.politicosdosuldabahia.com.br\/v1\/wp-json\/wp\/v2\/media\/197733"}],"wp:attachment":[{"href":"https:\/\/www.politicosdosuldabahia.com.br\/v1\/wp-json\/wp\/v2\/media?parent=197732"}],"wp:term":[{"taxonomy":"category","embeddable":true,"href":"https:\/\/www.politicosdosuldabahia.com.br\/v1\/wp-json\/wp\/v2\/categories?post=197732"},{"taxonomy":"post_tag","embeddable":true,"href":"https:\/\/www.politicosdosuldabahia.com.br\/v1\/wp-json\/wp\/v2\/tags?post=197732"}],"curies":[{"name":"wp","href":"https:\/\/api.w.org\/{rel}","templated":true}]}}