
{"id":197723,"date":"2026-04-29T23:48:06","date_gmt":"2026-04-30T02:48:06","guid":{"rendered":"https:\/\/www.politicosdosuldabahia.com.br\/v1\/?p=197723"},"modified":"2026-04-29T23:48:06","modified_gmt":"2026-04-30T02:48:06","slug":"eunapolis-prefeito-roberio-oliveira-concede-reajuste-de-8-para-servidores-do-quadro-geral","status":"publish","type":"post","link":"https:\/\/www.politicosdosuldabahia.com.br\/v1\/2026\/04\/29\/eunapolis-prefeito-roberio-oliveira-concede-reajuste-de-8-para-servidores-do-quadro-geral\/","title":{"rendered":"EUN\u00c1POLIS: PREFEITO ROB\u00c9RIO OLIVEIRA CONCEDE REAJUSTE DE 8% PARA SERVIDORES DO QUADRO GERAL"},"content":{"rendered":"<p><img loading=\"lazy\" decoding=\"async\" class=\"alignnone size-full wp-image-197724\" src=\"http:\/\/www.politicosdosuldabahia.com.br\/v1\/wp-content\/uploads\/2026\/04\/Prefeito-assinando-1.jpg\" alt=\"\" width=\"450\" height=\"300\" srcset=\"https:\/\/www.politicosdosuldabahia.com.br\/v1\/wp-content\/uploads\/2026\/04\/Prefeito-assinando-1.jpg 450w, https:\/\/www.politicosdosuldabahia.com.br\/v1\/wp-content\/uploads\/2026\/04\/Prefeito-assinando-1-300x200.jpg 300w\" sizes=\"(max-width: 450px) 100vw, 450px\" \/><\/p>\n<h3 style=\"text-align: justify;\">A Prefeitura Municipal de Eun\u00e1polis sancionou o reajuste salarial de 8% para os servidores do quadro geral do munic\u00edpio. A medida, assinada pelo prefeito Rob\u00e9rio Oliveira, prev\u00ea efeito retroativo a 1\u00ba de fevereiro.<\/h3>\n<h3 style=\"text-align: justify;\">O percentual concedido ficou acima da infla\u00e7\u00e3o do per\u00edodo, garantindo ganho real aos servidores. O reajuste contempla todo o quadro geral do funcionalismo e foi definido a partir da an\u00e1lise do cen\u00e1rio fiscal e das despesas com pessoal.<\/h3>\n<h3 style=\"text-align: justify;\">De acordo com a secret\u00e1ria de Gest\u00e3o, Janis Alves, o pagamento do m\u00eas j\u00e1 havia sido processado, por isso o valor referente ao reajuste ser\u00e1 creditado nas primeiras semanas de maio. \u201cO reajuste de 8% foi constru\u00eddo com base em crit\u00e9rios t\u00e9cnicos e dentro da capacidade financeira do munic\u00edpio. Al\u00e9m de recompor as perdas, conseguimos avan\u00e7ar com um percentual acima da infla\u00e7\u00e3o, mantendo o equil\u00edbrio das contas p\u00fablicas.\u201d<\/h3>\n<h3 style=\"text-align: justify;\">Devido \u00e0 antecipa\u00e7\u00e3o do pagamento do m\u00eas de abril, iniciada na \u00faltima ter\u00e7a-feira (28), a diferen\u00e7a referente ao reajuste ser\u00e1 creditada por meio de uma folha complementar ainda no m\u00eas de maio.<\/h3>\n","protected":false},"excerpt":{"rendered":"<p>A Prefeitura Municipal de Eun\u00e1polis sancionou o reajuste salarial de 8% para os servidores do quadro geral do munic\u00edpio. A medida, assinada pelo prefeito Rob\u00e9rio Oliveira, prev\u00ea efeito retroativo a 1\u00ba de fevereiro. O percentual concedido ficou acima da infla\u00e7\u00e3o do per\u00edodo, garantindo ganho real aos servidores. O reajuste contempla todo o quadro geral do [&hellip;]<\/p>\n","protected":false},"author":2,"featured_media":197724,"comment_status":"open","ping_status":"closed","sticky":false,"template":"","format":"standard","meta":{"footnotes":"","_links_to":"","_links_to_target":""},"categories":[1],"tags":[],"class_list":["post-197723","post","type-post","status-publish","format-standard","has-post-thumbnail","hentry","category-geral"],"views":43,"_links":{"self":[{"href":"https:\/\/www.politicosdosuldabahia.com.br\/v1\/wp-json\/wp\/v2\/posts\/197723"}],"collection":[{"href":"https:\/\/www.politicosdosuldabahia.com.br\/v1\/wp-json\/wp\/v2\/posts"}],"about":[{"href":"https:\/\/www.politicosdosuldabahia.com.br\/v1\/wp-json\/wp\/v2\/types\/post"}],"author":[{"embeddable":true,"href":"https:\/\/www.politicosdosuldabahia.com.br\/v1\/wp-json\/wp\/v2\/users\/2"}],"replies":[{"embeddable":true,"href":"https:\/\/www.politicosdosuldabahia.com.br\/v1\/wp-json\/wp\/v2\/comments?post=197723"}],"version-history":[{"count":1,"href":"https:\/\/www.politicosdosuldabahia.com.br\/v1\/wp-json\/wp\/v2\/posts\/197723\/revisions"}],"predecessor-version":[{"id":197725,"href":"https:\/\/www.politicosdosuldabahia.com.br\/v1\/wp-json\/wp\/v2\/posts\/197723\/revisions\/197725"}],"wp:featuredmedia":[{"embeddable":true,"href":"https:\/\/www.politicosdosuldabahia.com.br\/v1\/wp-json\/wp\/v2\/media\/197724"}],"wp:attachment":[{"href":"https:\/\/www.politicosdosuldabahia.com.br\/v1\/wp-json\/wp\/v2\/media?parent=197723"}],"wp:term":[{"taxonomy":"category","embeddable":true,"href":"https:\/\/www.politicosdosuldabahia.com.br\/v1\/wp-json\/wp\/v2\/categories?post=197723"},{"taxonomy":"post_tag","embeddable":true,"href":"https:\/\/www.politicosdosuldabahia.com.br\/v1\/wp-json\/wp\/v2\/tags?post=197723"}],"curies":[{"name":"wp","href":"https:\/\/api.w.org\/{rel}","templated":true}]}}