
{"id":197717,"date":"2026-04-29T23:15:52","date_gmt":"2026-04-30T02:15:52","guid":{"rendered":"https:\/\/www.politicosdosuldabahia.com.br\/v1\/?p=197717"},"modified":"2026-04-29T23:15:52","modified_gmt":"2026-04-30T02:15:52","slug":"ubaitaba-prefeita-gracinha-viana-cumpre-agenda-na-secretaria-de-desenvolvimento-economico-da-bahia-em-busca-de-novos-investimentos-para-o-municipio","status":"publish","type":"post","link":"https:\/\/www.politicosdosuldabahia.com.br\/v1\/2026\/04\/29\/ubaitaba-prefeita-gracinha-viana-cumpre-agenda-na-secretaria-de-desenvolvimento-economico-da-bahia-em-busca-de-novos-investimentos-para-o-municipio\/","title":{"rendered":"UBAITABA: PREFEITA GRACINHA VIANA CUMPRE AGENDA NA SECRETARIA DE DESENVOLVIMENTO ECON\u00d4MICO DA BAHIA EM BUSCA DE NOVOS INVESTIMENTOS PARA O MUNIC\u00cdPIO"},"content":{"rendered":"<h3 style=\"text-align: justify\"><img loading=\"lazy\" decoding=\"async\" class=\"aligncenter wp-image-197718\" src=\"http:\/\/www.politicosdosuldabahia.com.br\/v1\/wp-content\/uploads\/2026\/04\/WhatsApp-Image-2026-04-28-at-16.19.06.jpeg\" alt=\"\" width=\"455\" height=\"303\" srcset=\"https:\/\/www.politicosdosuldabahia.com.br\/v1\/wp-content\/uploads\/2026\/04\/WhatsApp-Image-2026-04-28-at-16.19.06.jpeg 800w, https:\/\/www.politicosdosuldabahia.com.br\/v1\/wp-content\/uploads\/2026\/04\/WhatsApp-Image-2026-04-28-at-16.19.06-300x200.jpeg 300w, https:\/\/www.politicosdosuldabahia.com.br\/v1\/wp-content\/uploads\/2026\/04\/WhatsApp-Image-2026-04-28-at-16.19.06-768x512.jpeg 768w\" sizes=\"(max-width: 455px) 100vw, 455px\" \/><\/h3>\n<h3 style=\"text-align: justify\">Nesta ter\u00e7a-feira, 28, a prefeita Gracinha Viana esteve na Secretaria de Desenvolvimento Econ\u00f4mico da Bahia (SDE), cumprindo agenda institucional voltada \u00e0 busca de investimentos e novas oportunidades para fortalecer o desenvolvimento econ\u00f4mico municipal.<\/h3>\n<h3 style=\"text-align: justify\">A reuni\u00e3o contou com a presen\u00e7a do deputado estadual Niltinho e do secret\u00e1rio estadual interino A\u00e9cio Moreira, onde foram discutidas poss\u00edveis implanta\u00e7\u00f5es e projetos estrat\u00e9gicos para impulsionar a economia local. Durante a audi\u00eancia, foram apresentadas demandas do munic\u00edpio e debatidas a\u00e7\u00f5es voltadas \u00e0 atra\u00e7\u00e3o de investimentos, fortalecimento do com\u00e9rcio, incentivo ao empreendedorismo e melhorias estruturais que contribuam para o crescimento econ\u00f4mico sustent\u00e1vel da cidade.<\/h3>\n<h3 style=\"text-align: justify\">A prefeita destacou a import\u00e2ncia da parceria entre o munic\u00edpio e o Governo do Estado para garantir avan\u00e7os concretos em diversas \u00e1reas.<\/h3>\n<h3 style=\"text-align: justify\">\u201cEstamos buscando apoio e articulando projetos importantes que possam gerar desenvolvimento, oportunidades e mais qualidade de vida para nossa popula\u00e7\u00e3o. Essa parceria com o Governo do Estado e o apoio do deputado Niltinho s\u00e3o fundamentais para que possamos avan\u00e7ar cada vez mais\u201d, destacou a prefeita Gracinha Viana.<\/h3>\n<h3 style=\"text-align: justify\">A gest\u00e3o municipal segue intensificando agendas institucionais e articula\u00e7\u00f5es pol\u00edticas com o objetivo de viabilizar investimentos e a\u00e7\u00f5es que contribuam diretamente para o crescimento e fortalecimento do munic\u00edpio.<\/h3>\n","protected":false},"excerpt":{"rendered":"<p>Nesta ter\u00e7a-feira, 28, a prefeita Gracinha Viana esteve na Secretaria de Desenvolvimento Econ\u00f4mico da Bahia (SDE), cumprindo agenda institucional voltada \u00e0 busca de investimentos e novas oportunidades para fortalecer o desenvolvimento econ\u00f4mico municipal. A reuni\u00e3o contou com a presen\u00e7a do deputado estadual Niltinho e do secret\u00e1rio estadual interino A\u00e9cio Moreira, onde foram discutidas poss\u00edveis implanta\u00e7\u00f5es [&hellip;]<\/p>\n","protected":false},"author":992,"featured_media":197718,"comment_status":"open","ping_status":"closed","sticky":false,"template":"","format":"standard","meta":{"footnotes":"","_links_to":"","_links_to_target":""},"categories":[3],"tags":[],"class_list":["post-197717","post","type-post","status-publish","format-standard","has-post-thumbnail","hentry","category-cidades"],"views":47,"_links":{"self":[{"href":"https:\/\/www.politicosdosuldabahia.com.br\/v1\/wp-json\/wp\/v2\/posts\/197717"}],"collection":[{"href":"https:\/\/www.politicosdosuldabahia.com.br\/v1\/wp-json\/wp\/v2\/posts"}],"about":[{"href":"https:\/\/www.politicosdosuldabahia.com.br\/v1\/wp-json\/wp\/v2\/types\/post"}],"author":[{"embeddable":true,"href":"https:\/\/www.politicosdosuldabahia.com.br\/v1\/wp-json\/wp\/v2\/users\/992"}],"replies":[{"embeddable":true,"href":"https:\/\/www.politicosdosuldabahia.com.br\/v1\/wp-json\/wp\/v2\/comments?post=197717"}],"version-history":[{"count":1,"href":"https:\/\/www.politicosdosuldabahia.com.br\/v1\/wp-json\/wp\/v2\/posts\/197717\/revisions"}],"predecessor-version":[{"id":197719,"href":"https:\/\/www.politicosdosuldabahia.com.br\/v1\/wp-json\/wp\/v2\/posts\/197717\/revisions\/197719"}],"wp:featuredmedia":[{"embeddable":true,"href":"https:\/\/www.politicosdosuldabahia.com.br\/v1\/wp-json\/wp\/v2\/media\/197718"}],"wp:attachment":[{"href":"https:\/\/www.politicosdosuldabahia.com.br\/v1\/wp-json\/wp\/v2\/media?parent=197717"}],"wp:term":[{"taxonomy":"category","embeddable":true,"href":"https:\/\/www.politicosdosuldabahia.com.br\/v1\/wp-json\/wp\/v2\/categories?post=197717"},{"taxonomy":"post_tag","embeddable":true,"href":"https:\/\/www.politicosdosuldabahia.com.br\/v1\/wp-json\/wp\/v2\/tags?post=197717"}],"curies":[{"name":"wp","href":"https:\/\/api.w.org\/{rel}","templated":true}]}}