
{"id":197714,"date":"2026-04-29T23:13:11","date_gmt":"2026-04-30T02:13:11","guid":{"rendered":"https:\/\/www.politicosdosuldabahia.com.br\/v1\/?p=197714"},"modified":"2026-04-29T23:13:11","modified_gmt":"2026-04-30T02:13:11","slug":"rosemberg-articula-encontro-entre-prefeito-de-iguai-e-governador-jeronimo-para-tratar-novos-investimentos-para-o-municipio","status":"publish","type":"post","link":"https:\/\/www.politicosdosuldabahia.com.br\/v1\/2026\/04\/29\/rosemberg-articula-encontro-entre-prefeito-de-iguai-e-governador-jeronimo-para-tratar-novos-investimentos-para-o-municipio\/","title":{"rendered":"ROSEMBERG ARTICULA ENCONTRO ENTRE PREFEITO DE IGUA\u00cd E GOVERNADOR JER\u00d4NIMO PARA TRATAR NOVOS INVESTIMENTOS PARA O MUNIC\u00cdPIO"},"content":{"rendered":"<h3 style=\"text-align: justify\"><img loading=\"lazy\" decoding=\"async\" class=\"aligncenter wp-image-197715\" src=\"http:\/\/www.politicosdosuldabahia.com.br\/v1\/wp-content\/uploads\/2026\/04\/WhatsApp-Image-2026-04-28-at-17.01.50-1.jpeg\" alt=\"\" width=\"455\" height=\"283\" \/><\/h3>\n<h3 style=\"text-align: justify\">Em uma articula\u00e7\u00e3o do deputado estadual Rosemberg Pinto (PT), o governador Jer\u00f4nimo Rodrigues (PT) se reuniu, nesta ter\u00e7a-feira (28), com o prefeito de Igua\u00ed, Davi Macedo (Avante), com lideran\u00e7as pol\u00edticas locais e a participa\u00e7\u00e3o do deputado federal Neto Carletto (Avante) para discutir novos investimentos e a\u00e7\u00f5es de desenvolvimento para o munic\u00edpio do M\u00e9dio Sudoeste baiano.<\/h3>\n<h3 style=\"text-align: justify\">Rosemberg, que \u00e9 l\u00edder do Governo Jer\u00f4nimo na Assembleia Legislativa da Bahia (Alba), foi o candidato a deputado estadual mais votado em Igua\u00ed nas elei\u00e7\u00f5es de 2022, com 44,1% dos votos v\u00e1lidos.<\/h3>\n<h3 style=\"text-align: justify\">Com forte atua\u00e7\u00e3o do deputado Rosemberg no Parlamento baiano e junto ao Governo do Estado, Igua\u00ed j\u00e1 recebeu investimentos nos \u00faltimos tr\u00eas anos de R$ 43 milh\u00f5es, recursos destinados para diversas\u00a0 \u00e1reas que garantem a melhoria da qualidade de vida da popula\u00e7\u00e3o iguaiense.<\/h3>\n<h3 style=\"text-align: justify\">\u201cIgua\u00ed \u00e9 um munic\u00edpio merecedor desse carinho que o governador Jer\u00f4nimo tem por ele, e estaremos juntos para fazer mais e melhor pela cidade\u201d, afirmou o l\u00edder governista.<\/h3>\n<h3 style=\"text-align: justify\">Al\u00e9m dos investimentos, Igua\u00ed ganhou refor\u00e7o no atendimento \u00e0 popula\u00e7\u00e3o. Foram anunciadas o envio de uma ambul\u00e2ncia nova, um ve\u00edculo administrativo e uma van para Tratamento Fora do Domic\u00edlio (TFD), equipamentos frutos de emendas de Rosemberg e Carletto.<\/h3>\n<h3 style=\"text-align: justify\">\u201cUma alegria muito grande receber essa comitiva em meu gabinete. Tivemos a oportunidade de tratar de temas estrat\u00e9gicos para o desenvolvimento de Igua\u00ed, com a apresenta\u00e7\u00e3o de projetos de grande potencial\u201d, afirmou o governador.<\/h3>\n<h3 style=\"text-align: justify\">No encontro, o gestor iguaiense apresentou pautas consideradas importantes como a macrodrenagem, a revitaliza\u00e7\u00e3o da BA-262, a amplia\u00e7\u00e3o da frota de ve\u00edculos para a Sa\u00fade e a cess\u00e3o de \u00f4nibus escolar. Foram discutidas ainda a\u00e7\u00f5es na \u00e1rea do esporte, como a ilumina\u00e7\u00e3o do Est\u00e1dio Pedr\u00e3o, e melhorias para o mercado de carnes da cidade.<\/h3>\n<h3 style=\"text-align: justify\">\u201cDia hist\u00f3rico, na capital baiana, em Salvador, porque saio com o cora\u00e7\u00e3o explodindo de alegria porque grande parte das demandas foram atendidas prontamente pelo governador\u201d, agradeceu o prefeito. o.<\/h3>\n","protected":false},"excerpt":{"rendered":"<p>Em uma articula\u00e7\u00e3o do deputado estadual Rosemberg Pinto (PT), o governador Jer\u00f4nimo Rodrigues (PT) se reuniu, nesta ter\u00e7a-feira (28), com o prefeito de Igua\u00ed, Davi Macedo (Avante), com lideran\u00e7as pol\u00edticas locais e a participa\u00e7\u00e3o do deputado federal Neto Carletto (Avante) para discutir novos investimentos e a\u00e7\u00f5es de desenvolvimento para o munic\u00edpio do M\u00e9dio Sudoeste baiano. [&hellip;]<\/p>\n","protected":false},"author":992,"featured_media":197715,"comment_status":"open","ping_status":"closed","sticky":false,"template":"","format":"standard","meta":{"footnotes":"","_links_to":"","_links_to_target":""},"categories":[3],"tags":[],"class_list":["post-197714","post","type-post","status-publish","format-standard","has-post-thumbnail","hentry","category-cidades"],"views":47,"_links":{"self":[{"href":"https:\/\/www.politicosdosuldabahia.com.br\/v1\/wp-json\/wp\/v2\/posts\/197714"}],"collection":[{"href":"https:\/\/www.politicosdosuldabahia.com.br\/v1\/wp-json\/wp\/v2\/posts"}],"about":[{"href":"https:\/\/www.politicosdosuldabahia.com.br\/v1\/wp-json\/wp\/v2\/types\/post"}],"author":[{"embeddable":true,"href":"https:\/\/www.politicosdosuldabahia.com.br\/v1\/wp-json\/wp\/v2\/users\/992"}],"replies":[{"embeddable":true,"href":"https:\/\/www.politicosdosuldabahia.com.br\/v1\/wp-json\/wp\/v2\/comments?post=197714"}],"version-history":[{"count":1,"href":"https:\/\/www.politicosdosuldabahia.com.br\/v1\/wp-json\/wp\/v2\/posts\/197714\/revisions"}],"predecessor-version":[{"id":197716,"href":"https:\/\/www.politicosdosuldabahia.com.br\/v1\/wp-json\/wp\/v2\/posts\/197714\/revisions\/197716"}],"wp:featuredmedia":[{"embeddable":true,"href":"https:\/\/www.politicosdosuldabahia.com.br\/v1\/wp-json\/wp\/v2\/media\/197715"}],"wp:attachment":[{"href":"https:\/\/www.politicosdosuldabahia.com.br\/v1\/wp-json\/wp\/v2\/media?parent=197714"}],"wp:term":[{"taxonomy":"category","embeddable":true,"href":"https:\/\/www.politicosdosuldabahia.com.br\/v1\/wp-json\/wp\/v2\/categories?post=197714"},{"taxonomy":"post_tag","embeddable":true,"href":"https:\/\/www.politicosdosuldabahia.com.br\/v1\/wp-json\/wp\/v2\/tags?post=197714"}],"curies":[{"name":"wp","href":"https:\/\/api.w.org\/{rel}","templated":true}]}}