
{"id":197705,"date":"2026-04-29T23:01:31","date_gmt":"2026-04-30T02:01:31","guid":{"rendered":"https:\/\/www.politicosdosuldabahia.com.br\/v1\/?p=197705"},"modified":"2026-04-29T23:01:31","modified_gmt":"2026-04-30T02:01:31","slug":"porto-seguro-recebe-selo-compromisso-por-um-municipio-seguro-em-evento-estadual","status":"publish","type":"post","link":"https:\/\/www.politicosdosuldabahia.com.br\/v1\/2026\/04\/29\/porto-seguro-recebe-selo-compromisso-por-um-municipio-seguro-em-evento-estadual\/","title":{"rendered":"PORTO SEGURO RECEBE SELO \u201cCOMPROMISSO POR UM MUNIC\u00cdPIO SEGURO\u201d EM EVENTO ESTADUAL"},"content":{"rendered":"<h3 style=\"text-align: justify\"><img loading=\"lazy\" decoding=\"async\" class=\"wp-image-197706 aligncenter\" src=\"http:\/\/www.politicosdosuldabahia.com.br\/v1\/wp-content\/uploads\/2026\/04\/WhatsApp-Image-2026-04-29-at-15.05.57.jpeg\" alt=\"\" width=\"455\" height=\"341\" srcset=\"https:\/\/www.politicosdosuldabahia.com.br\/v1\/wp-content\/uploads\/2026\/04\/WhatsApp-Image-2026-04-29-at-15.05.57.jpeg 1280w, https:\/\/www.politicosdosuldabahia.com.br\/v1\/wp-content\/uploads\/2026\/04\/WhatsApp-Image-2026-04-29-at-15.05.57-300x225.jpeg 300w, https:\/\/www.politicosdosuldabahia.com.br\/v1\/wp-content\/uploads\/2026\/04\/WhatsApp-Image-2026-04-29-at-15.05.57-1024x768.jpeg 1024w, https:\/\/www.politicosdosuldabahia.com.br\/v1\/wp-content\/uploads\/2026\/04\/WhatsApp-Image-2026-04-29-at-15.05.57-768x576.jpeg 768w, https:\/\/www.politicosdosuldabahia.com.br\/v1\/wp-content\/uploads\/2026\/04\/WhatsApp-Image-2026-04-29-at-15.05.57-400x300.jpeg 400w\" sizes=\"(max-width: 455px) 100vw, 455px\" \/><\/h3>\n<h3 style=\"text-align: justify\">Porto Seguro esteve presente no 1\u00ba Encontro Estadual do projeto \u201cMunic\u00edpio Seguro\u201d, realizado nesta ter\u00e7a-feira, 28, em Salvador, onde recebeu o selo \u201cCompromisso por um Munic\u00edpio Seguro\u201d. A iniciativa \u00e9 do Governo da Bahia em parceria com o Minist\u00e9rio P\u00fablico da Bahia (MP-BA), a Uni\u00e3o dos Munic\u00edpios da Bahia (UPB) e outras institui\u00e7\u00f5es, reunindo gestores de diversas cidades com foco no fortalecimento das pol\u00edticas p\u00fablicas de seguran\u00e7a.<\/h3>\n<h3 style=\"text-align: justify\">Representando o prefeito J\u00e2nio Natal, participaram o secret\u00e1rio municipal da Casa Civil, Josemar Siquara, e o secret\u00e1rio de Projetos Especiais, Zaqueu Oliveira, que acompanharam as discuss\u00f5es e a entrega do selo. \u201cEsse \u00e9 o reconhecimento de que Porto Seguro est\u00e1 no caminho certo, trabalhando junto com o Estado e as institui\u00e7\u00f5es para fortalecer a seguran\u00e7a da nossa cidade. \u00c9 uma constru\u00e7\u00e3o que envolve diversos \u00f3rg\u00e3os e exige planejamento e uni\u00e3o\u201d, destacou o secret\u00e1rio Josemar.<\/h3>\n<h3 style=\"text-align: justify\">O selo faz parte do projeto \u201cMunic\u00edpio Seguro\u201d, uma iniciativa estrat\u00e9gica do Minist\u00e9rio P\u00fablico da Bahia vinculada ao programa Bahia pela Paz. O objetivo \u00e9 promover a redu\u00e7\u00e3o da viol\u00eancia e fortalecer a cultura de paz por meio da organiza\u00e7\u00e3o das pol\u00edticas municipais de seguran\u00e7a, com cria\u00e7\u00e3o de conselhos, elabora\u00e7\u00e3o de planos e integra\u00e7\u00e3o entre diferentes setores da gest\u00e3o p\u00fablica.<\/h3>\n<h3 style=\"text-align: justify\">A certifica\u00e7\u00e3o \u00e9 concedida aos munic\u00edpios que aderem ao programa e cumprem etapas como planejamento, estrutura\u00e7\u00e3o e execu\u00e7\u00e3o de a\u00e7\u00f5es voltadas \u00e0 preven\u00e7\u00e3o da criminalidade.<\/h3>\n","protected":false},"excerpt":{"rendered":"<p>Porto Seguro esteve presente no 1\u00ba Encontro Estadual do projeto \u201cMunic\u00edpio Seguro\u201d, realizado nesta ter\u00e7a-feira, 28, em Salvador, onde recebeu o selo \u201cCompromisso por um Munic\u00edpio Seguro\u201d. A iniciativa \u00e9 do Governo da Bahia em parceria com o Minist\u00e9rio P\u00fablico da Bahia (MP-BA), a Uni\u00e3o dos Munic\u00edpios da Bahia (UPB) e outras institui\u00e7\u00f5es, reunindo gestores [&hellip;]<\/p>\n","protected":false},"author":992,"featured_media":197706,"comment_status":"open","ping_status":"closed","sticky":false,"template":"","format":"standard","meta":{"footnotes":"","_links_to":"","_links_to_target":""},"categories":[3],"tags":[],"class_list":["post-197705","post","type-post","status-publish","format-standard","has-post-thumbnail","hentry","category-cidades"],"views":49,"_links":{"self":[{"href":"https:\/\/www.politicosdosuldabahia.com.br\/v1\/wp-json\/wp\/v2\/posts\/197705"}],"collection":[{"href":"https:\/\/www.politicosdosuldabahia.com.br\/v1\/wp-json\/wp\/v2\/posts"}],"about":[{"href":"https:\/\/www.politicosdosuldabahia.com.br\/v1\/wp-json\/wp\/v2\/types\/post"}],"author":[{"embeddable":true,"href":"https:\/\/www.politicosdosuldabahia.com.br\/v1\/wp-json\/wp\/v2\/users\/992"}],"replies":[{"embeddable":true,"href":"https:\/\/www.politicosdosuldabahia.com.br\/v1\/wp-json\/wp\/v2\/comments?post=197705"}],"version-history":[{"count":1,"href":"https:\/\/www.politicosdosuldabahia.com.br\/v1\/wp-json\/wp\/v2\/posts\/197705\/revisions"}],"predecessor-version":[{"id":197707,"href":"https:\/\/www.politicosdosuldabahia.com.br\/v1\/wp-json\/wp\/v2\/posts\/197705\/revisions\/197707"}],"wp:featuredmedia":[{"embeddable":true,"href":"https:\/\/www.politicosdosuldabahia.com.br\/v1\/wp-json\/wp\/v2\/media\/197706"}],"wp:attachment":[{"href":"https:\/\/www.politicosdosuldabahia.com.br\/v1\/wp-json\/wp\/v2\/media?parent=197705"}],"wp:term":[{"taxonomy":"category","embeddable":true,"href":"https:\/\/www.politicosdosuldabahia.com.br\/v1\/wp-json\/wp\/v2\/categories?post=197705"},{"taxonomy":"post_tag","embeddable":true,"href":"https:\/\/www.politicosdosuldabahia.com.br\/v1\/wp-json\/wp\/v2\/tags?post=197705"}],"curies":[{"name":"wp","href":"https:\/\/api.w.org\/{rel}","templated":true}]}}