
{"id":197699,"date":"2026-04-29T22:55:52","date_gmt":"2026-04-30T01:55:52","guid":{"rendered":"https:\/\/www.politicosdosuldabahia.com.br\/v1\/?p=197699"},"modified":"2026-04-29T22:55:52","modified_gmt":"2026-04-30T01:55:52","slug":"coaraci-em-ritmo-de-ampliacao-nas-bases-pre-candidatura-de-andrea-castro-recebe-apoio-de-vereadores","status":"publish","type":"post","link":"https:\/\/www.politicosdosuldabahia.com.br\/v1\/2026\/04\/29\/coaraci-em-ritmo-de-ampliacao-nas-bases-pre-candidatura-de-andrea-castro-recebe-apoio-de-vereadores\/","title":{"rendered":"COARACI: EM RITMO DE AMPLIA\u00c7\u00c3O NAS BASES, PR\u00c9-CANDIDATURA DE ANDREA CASTRO RECEBE APOIO DE VEREADORES"},"content":{"rendered":"<h3 style=\"text-align: justify\"><img loading=\"lazy\" decoding=\"async\" class=\"wp-image-197700 alignright\" src=\"http:\/\/www.politicosdosuldabahia.com.br\/v1\/wp-content\/uploads\/2026\/04\/WhatsApp-Image-2026-04-29-at-20.17.02.jpeg\" alt=\"\" width=\"341\" height=\"455\" srcset=\"https:\/\/www.politicosdosuldabahia.com.br\/v1\/wp-content\/uploads\/2026\/04\/WhatsApp-Image-2026-04-29-at-20.17.02.jpeg 960w, https:\/\/www.politicosdosuldabahia.com.br\/v1\/wp-content\/uploads\/2026\/04\/WhatsApp-Image-2026-04-29-at-20.17.02-225x300.jpeg 225w, https:\/\/www.politicosdosuldabahia.com.br\/v1\/wp-content\/uploads\/2026\/04\/WhatsApp-Image-2026-04-29-at-20.17.02-768x1024.jpeg 768w\" sizes=\"(max-width: 341px) 100vw, 341px\" \/><\/h3>\n<h3 style=\"text-align: justify\">A caminhada da pr\u00e9-candidata Andrea Castro rumo \u00e0 Assembleia Legislativa da Bahia (ALBA) segue em ritmo acelerado com apoio de lideran\u00e7as da regi\u00e3o sul baiana. Nesta quarta-feira (29), o projeto pol\u00edtico ganhou ainda mais for\u00e7a com apoio do grupo de vereadores de Coaraci, refor\u00e7ando o papel de Andrea como uma lideran\u00e7a regional e uma voz potente da for\u00e7a feminina na pol\u00edtica.<\/h3>\n<h3 style=\"text-align: justify\">O encontro refor\u00e7a a uni\u00e3o com os parlamentares Gil da Lagoa, Naarah Ribeiro e Luciano Marques, que estiveram presentes representando tamb\u00e9m os vereadores Neto da Colina, Lek de Zequinha e Rael.<\/h3>\n<h3 style=\"text-align: justify\">O apoio do legislativo coaraciense sinaliza a confian\u00e7a das lideran\u00e7as locais, que buscam um nome para representar os interesses da regi\u00e3o. A ades\u00e3o de hoje reflete o sentimento de que a regi\u00e3o Sul busca uma voz ativa, competente e presente na capital.<\/h3>\n<h3 style=\"text-align: justify\">A pr\u00e9-campanha da advogada n\u00e3o apenas cresce em n\u00fameros, mas tamb\u00e9m segue ganhando musculatura pol\u00edtica.<\/h3>\n","protected":false},"excerpt":{"rendered":"<p>A caminhada da pr\u00e9-candidata Andrea Castro rumo \u00e0 Assembleia Legislativa da Bahia (ALBA) segue em ritmo acelerado com apoio de lideran\u00e7as da regi\u00e3o sul baiana. Nesta quarta-feira (29), o projeto pol\u00edtico ganhou ainda mais for\u00e7a com apoio do grupo de vereadores de Coaraci, refor\u00e7ando o papel de Andrea como uma lideran\u00e7a regional e uma voz [&hellip;]<\/p>\n","protected":false},"author":992,"featured_media":197700,"comment_status":"open","ping_status":"closed","sticky":false,"template":"","format":"standard","meta":{"footnotes":"","_links_to":"","_links_to_target":""},"categories":[3,4],"tags":[],"class_list":["post-197699","post","type-post","status-publish","format-standard","has-post-thumbnail","hentry","category-cidades","category-politica"],"views":49,"_links":{"self":[{"href":"https:\/\/www.politicosdosuldabahia.com.br\/v1\/wp-json\/wp\/v2\/posts\/197699"}],"collection":[{"href":"https:\/\/www.politicosdosuldabahia.com.br\/v1\/wp-json\/wp\/v2\/posts"}],"about":[{"href":"https:\/\/www.politicosdosuldabahia.com.br\/v1\/wp-json\/wp\/v2\/types\/post"}],"author":[{"embeddable":true,"href":"https:\/\/www.politicosdosuldabahia.com.br\/v1\/wp-json\/wp\/v2\/users\/992"}],"replies":[{"embeddable":true,"href":"https:\/\/www.politicosdosuldabahia.com.br\/v1\/wp-json\/wp\/v2\/comments?post=197699"}],"version-history":[{"count":1,"href":"https:\/\/www.politicosdosuldabahia.com.br\/v1\/wp-json\/wp\/v2\/posts\/197699\/revisions"}],"predecessor-version":[{"id":197701,"href":"https:\/\/www.politicosdosuldabahia.com.br\/v1\/wp-json\/wp\/v2\/posts\/197699\/revisions\/197701"}],"wp:featuredmedia":[{"embeddable":true,"href":"https:\/\/www.politicosdosuldabahia.com.br\/v1\/wp-json\/wp\/v2\/media\/197700"}],"wp:attachment":[{"href":"https:\/\/www.politicosdosuldabahia.com.br\/v1\/wp-json\/wp\/v2\/media?parent=197699"}],"wp:term":[{"taxonomy":"category","embeddable":true,"href":"https:\/\/www.politicosdosuldabahia.com.br\/v1\/wp-json\/wp\/v2\/categories?post=197699"},{"taxonomy":"post_tag","embeddable":true,"href":"https:\/\/www.politicosdosuldabahia.com.br\/v1\/wp-json\/wp\/v2\/tags?post=197699"}],"curies":[{"name":"wp","href":"https:\/\/api.w.org\/{rel}","templated":true}]}}