
{"id":197695,"date":"2026-04-29T18:14:42","date_gmt":"2026-04-29T21:14:42","guid":{"rendered":"https:\/\/www.politicosdosuldabahia.com.br\/v1\/?p=197695"},"modified":"2026-04-29T18:14:42","modified_gmt":"2026-04-29T21:14:42","slug":"conquista-alta-dos-caches-derruba-tradicional-sao-pedro-toa-toa-em-2026","status":"publish","type":"post","link":"https:\/\/www.politicosdosuldabahia.com.br\/v1\/2026\/04\/29\/conquista-alta-dos-caches-derruba-tradicional-sao-pedro-toa-toa-em-2026\/","title":{"rendered":"CONQUISTA: ALTA DOS CACH\u00caS DERRUBA TRADICIONAL S\u00c3O PEDRO T\u00d4A T\u00d4A EM 2026"},"content":{"rendered":"<p><img loading=\"lazy\" decoding=\"async\" class=\"alignnone size-full wp-image-197696\" src=\"http:\/\/www.politicosdosuldabahia.com.br\/v1\/wp-content\/uploads\/2026\/04\/toaaaa-e1777497258628.jpg\" alt=\"\" width=\"450\" height=\"270\" \/><\/p>\n<h3 style=\"text-align: justify;\">O tradicional S\u00e3o Pedro T\u00f4a T\u00f4a, em Vit\u00f3ria da Conquista, n\u00e3o ser\u00e1 realizado em 2026. O an\u00fancio foi feito pelo organizador do evento, o empres\u00e1rio Elvis Neri.<\/h3>\n<h3 style=\"text-align: justify;\">Segundo ele, a decis\u00e3o foi tomada por causa do aumento dos custos no mercado de shows. Cach\u00eas de artistas que antes giravam em torno de R$ 100 mil passaram a chegar a R$ 300 mil.<\/h3>\n<h3 style=\"text-align: justify;\">Al\u00e9m disso, despesas com estrutura, log\u00edstica e opera\u00e7\u00e3o tamb\u00e9m ficaram mais caras, o que poderia elevar o pre\u00e7o dos ingressos e comprometer a ades\u00e3o do p\u00fablico.<\/p>\n<p>Outro ponto considerado foi a dificuldade de fechar agenda com grandes atra\u00e7\u00f5es no per\u00edodo junino.<br \/>\nApesar da pausa, a organiza\u00e7\u00e3o sinaliza que o evento pode retornar em 2027, caso o cen\u00e1rio seja mais favor\u00e1vel.<\/h3>\n","protected":false},"excerpt":{"rendered":"<p>O tradicional S\u00e3o Pedro T\u00f4a T\u00f4a, em Vit\u00f3ria da Conquista, n\u00e3o ser\u00e1 realizado em 2026. O an\u00fancio foi feito pelo organizador do evento, o empres\u00e1rio Elvis Neri. Segundo ele, a decis\u00e3o foi tomada por causa do aumento dos custos no mercado de shows. Cach\u00eas de artistas que antes giravam em torno de R$ 100 mil [&hellip;]<\/p>\n","protected":false},"author":2,"featured_media":197696,"comment_status":"open","ping_status":"closed","sticky":false,"template":"","format":"standard","meta":{"footnotes":"","_links_to":"","_links_to_target":""},"categories":[1],"tags":[],"class_list":["post-197695","post","type-post","status-publish","format-standard","has-post-thumbnail","hentry","category-geral"],"views":55,"_links":{"self":[{"href":"https:\/\/www.politicosdosuldabahia.com.br\/v1\/wp-json\/wp\/v2\/posts\/197695"}],"collection":[{"href":"https:\/\/www.politicosdosuldabahia.com.br\/v1\/wp-json\/wp\/v2\/posts"}],"about":[{"href":"https:\/\/www.politicosdosuldabahia.com.br\/v1\/wp-json\/wp\/v2\/types\/post"}],"author":[{"embeddable":true,"href":"https:\/\/www.politicosdosuldabahia.com.br\/v1\/wp-json\/wp\/v2\/users\/2"}],"replies":[{"embeddable":true,"href":"https:\/\/www.politicosdosuldabahia.com.br\/v1\/wp-json\/wp\/v2\/comments?post=197695"}],"version-history":[{"count":1,"href":"https:\/\/www.politicosdosuldabahia.com.br\/v1\/wp-json\/wp\/v2\/posts\/197695\/revisions"}],"predecessor-version":[{"id":197697,"href":"https:\/\/www.politicosdosuldabahia.com.br\/v1\/wp-json\/wp\/v2\/posts\/197695\/revisions\/197697"}],"wp:featuredmedia":[{"embeddable":true,"href":"https:\/\/www.politicosdosuldabahia.com.br\/v1\/wp-json\/wp\/v2\/media\/197696"}],"wp:attachment":[{"href":"https:\/\/www.politicosdosuldabahia.com.br\/v1\/wp-json\/wp\/v2\/media?parent=197695"}],"wp:term":[{"taxonomy":"category","embeddable":true,"href":"https:\/\/www.politicosdosuldabahia.com.br\/v1\/wp-json\/wp\/v2\/categories?post=197695"},{"taxonomy":"post_tag","embeddable":true,"href":"https:\/\/www.politicosdosuldabahia.com.br\/v1\/wp-json\/wp\/v2\/tags?post=197695"}],"curies":[{"name":"wp","href":"https:\/\/api.w.org\/{rel}","templated":true}]}}