
{"id":197665,"date":"2026-04-28T16:22:16","date_gmt":"2026-04-28T19:22:16","guid":{"rendered":"https:\/\/www.politicosdosuldabahia.com.br\/v1\/?p=197665"},"modified":"2026-04-28T16:22:16","modified_gmt":"2026-04-28T19:22:16","slug":"ibicui-fabrica-da-dass-comeca-a-operar-e-promete-aquecer-economia","status":"publish","type":"post","link":"https:\/\/www.politicosdosuldabahia.com.br\/v1\/2026\/04\/28\/ibicui-fabrica-da-dass-comeca-a-operar-e-promete-aquecer-economia\/","title":{"rendered":"IBICU\u00cd: F\u00c1BRICA DA DASS COME\u00c7A A OPERAR E PROMETE AQUECER ECONOMIA"},"content":{"rendered":"<p><img loading=\"lazy\" decoding=\"async\" class=\"alignnone size-full wp-image-188650\" src=\"http:\/\/www.politicosdosuldabahia.com.br\/v1\/wp-content\/uploads\/2025\/02\/salom.jpg\" alt=\"\" width=\"450\" height=\"563\" srcset=\"https:\/\/www.politicosdosuldabahia.com.br\/v1\/wp-content\/uploads\/2025\/02\/salom.jpg 450w, https:\/\/www.politicosdosuldabahia.com.br\/v1\/wp-content\/uploads\/2025\/02\/salom-240x300.jpg 240w\" sizes=\"(max-width: 450px) 100vw, 450px\" \/><\/p>\n<h3 style=\"text-align: justify;\">A f\u00e1brica da DASS j\u00e1 come\u00e7ou a funcionar em Ibicu\u00ed e, segundo informa\u00e7\u00f5es, nos primeiros dias de opera\u00e7\u00e3o, mais de 100 pessoas j\u00e1 foram contratadas.<\/h3>\n<h3 style=\"text-align: justify;\">Em contato com o site, o prefeito Salom\u00e3o (PSD) comemorou o in\u00edcio das atividades e destacou o impacto da chegada da empresa para a gera\u00e7\u00e3o de empregos no munic\u00edpio.<\/h3>\n<h3 style=\"text-align: justify;\">\u201cJ\u00e1 temos uma f\u00e1brica que emprega mais de 300 pessoas no nosso munic\u00edpio. Nosso grupo pol\u00edtico conseguiu a instala\u00e7\u00e3o de mais uma, a f\u00e1brica da DASS, que at\u00e9 o segundo semestre deve empregar 700 pessoas\u201d, afirmou.<\/h3>\n<h3 style=\"text-align: justify;\">O prefeito tamb\u00e9m aproveitou para dar uma cutucada na oposi\u00e7\u00e3o. Segundo Salom\u00e3o, o alinhamento pol\u00edtico com os governos estadual e federal foi decisivo para a conquista.<\/p>\n<p>\u201cEsse alinhamento nosso com o governo estadual e federal \u00e9 essencial para essas conquistas. Se o nosso advers\u00e1rio fosse eleito, n\u00e3o teria essa f\u00e1brica\u201d, declarou.<\/h3>\n","protected":false},"excerpt":{"rendered":"<p>A f\u00e1brica da DASS j\u00e1 come\u00e7ou a funcionar em Ibicu\u00ed e, segundo informa\u00e7\u00f5es, nos primeiros dias de opera\u00e7\u00e3o, mais de 100 pessoas j\u00e1 foram contratadas. Em contato com o site, o prefeito Salom\u00e3o (PSD) comemorou o in\u00edcio das atividades e destacou o impacto da chegada da empresa para a gera\u00e7\u00e3o de empregos no munic\u00edpio. \u201cJ\u00e1 [&hellip;]<\/p>\n","protected":false},"author":2,"featured_media":188650,"comment_status":"open","ping_status":"closed","sticky":false,"template":"","format":"standard","meta":{"footnotes":"","_links_to":"","_links_to_target":""},"categories":[1],"tags":[],"class_list":["post-197665","post","type-post","status-publish","format-standard","has-post-thumbnail","hentry","category-geral"],"views":416,"_links":{"self":[{"href":"https:\/\/www.politicosdosuldabahia.com.br\/v1\/wp-json\/wp\/v2\/posts\/197665"}],"collection":[{"href":"https:\/\/www.politicosdosuldabahia.com.br\/v1\/wp-json\/wp\/v2\/posts"}],"about":[{"href":"https:\/\/www.politicosdosuldabahia.com.br\/v1\/wp-json\/wp\/v2\/types\/post"}],"author":[{"embeddable":true,"href":"https:\/\/www.politicosdosuldabahia.com.br\/v1\/wp-json\/wp\/v2\/users\/2"}],"replies":[{"embeddable":true,"href":"https:\/\/www.politicosdosuldabahia.com.br\/v1\/wp-json\/wp\/v2\/comments?post=197665"}],"version-history":[{"count":1,"href":"https:\/\/www.politicosdosuldabahia.com.br\/v1\/wp-json\/wp\/v2\/posts\/197665\/revisions"}],"predecessor-version":[{"id":197666,"href":"https:\/\/www.politicosdosuldabahia.com.br\/v1\/wp-json\/wp\/v2\/posts\/197665\/revisions\/197666"}],"wp:featuredmedia":[{"embeddable":true,"href":"https:\/\/www.politicosdosuldabahia.com.br\/v1\/wp-json\/wp\/v2\/media\/188650"}],"wp:attachment":[{"href":"https:\/\/www.politicosdosuldabahia.com.br\/v1\/wp-json\/wp\/v2\/media?parent=197665"}],"wp:term":[{"taxonomy":"category","embeddable":true,"href":"https:\/\/www.politicosdosuldabahia.com.br\/v1\/wp-json\/wp\/v2\/categories?post=197665"},{"taxonomy":"post_tag","embeddable":true,"href":"https:\/\/www.politicosdosuldabahia.com.br\/v1\/wp-json\/wp\/v2\/tags?post=197665"}],"curies":[{"name":"wp","href":"https:\/\/api.w.org\/{rel}","templated":true}]}}