
{"id":197662,"date":"2026-04-28T16:07:37","date_gmt":"2026-04-28T19:07:37","guid":{"rendered":"https:\/\/www.politicosdosuldabahia.com.br\/v1\/?p=197662"},"modified":"2026-04-28T16:07:37","modified_gmt":"2026-04-28T19:07:37","slug":"belmonte-prefeito-iedo-arruma-as-malas-para-deixar-o-psd-e-reforcar-o-avante","status":"publish","type":"post","link":"https:\/\/www.politicosdosuldabahia.com.br\/v1\/2026\/04\/28\/belmonte-prefeito-iedo-arruma-as-malas-para-deixar-o-psd-e-reforcar-o-avante\/","title":{"rendered":"BELMONTE: PREFEITO I\u00caDO ARRUMA AS MALAS PARA DEIXAR O PSD E REFOR\u00c7AR O AVANTE"},"content":{"rendered":"<p><img loading=\"lazy\" decoding=\"async\" class=\"alignnone size-full wp-image-197663\" src=\"http:\/\/www.politicosdosuldabahia.com.br\/v1\/wp-content\/uploads\/2026\/04\/iedooooo-avante-e1777403230805.jpeg\" alt=\"\" width=\"500\" height=\"335\" \/><\/p>\n<h3 style=\"text-align: justify;\">O prefeito de Belmonte, I\u00eado Elias, ainda filiado ao PSD, estaria de malas prontas para deixar a legenda e ingressar no Avante, partido comandado na Bahia por Ronaldo Carletto.<\/h3>\n<h3 style=\"text-align: justify;\">Nos bastidores, a mudan\u00e7a j\u00e1 \u00e9 tratada como praticamente certa. O motivo seria a insatisfa\u00e7\u00e3o do prefeito com a c\u00fapula estadual do PSD, que, segundo aliados, n\u00e3o estaria dando a devida aten\u00e7\u00e3o \u00e0s pautas e reivindica\u00e7\u00f5es do gestor belmontense.<\/h3>\n<h3 style=\"text-align: justify;\">A ida para o Avante coloca I\u00eado em uma nova posi\u00e7\u00e3o no tabuleiro regional e estadual, sobretudo pela proximidade com Ronaldo Carletto e pelo peso pol\u00edtico que o partido vem ganhando na Bahia, com influ\u00eancia tamb\u00e9m do ministro Rui Costa.<\/h3>\n<h3 style=\"text-align: justify;\">Apesar da troca partid\u00e1ria, uma coisa n\u00e3o deve mudar: o apoio de I\u00eado para deputado federal. O prefeito deve manter compromisso com aliados de longa data, como Cl\u00e1udio Cajado e Arthur Maia, independentemente do novo endere\u00e7o partid\u00e1rio.<\/p>\n<p>No PSD, a sa\u00edda de I\u00eado tende a ser lida como mais um sinal de desgaste interno. No Avante, ser\u00e1 vendida como refor\u00e7o de peso no extremo sul da Bahia.<\/h3>\n","protected":false},"excerpt":{"rendered":"<p>O prefeito de Belmonte, I\u00eado Elias, ainda filiado ao PSD, estaria de malas prontas para deixar a legenda e ingressar no Avante, partido comandado na Bahia por Ronaldo Carletto. Nos bastidores, a mudan\u00e7a j\u00e1 \u00e9 tratada como praticamente certa. O motivo seria a insatisfa\u00e7\u00e3o do prefeito com a c\u00fapula estadual do PSD, que, segundo aliados, [&hellip;]<\/p>\n","protected":false},"author":2,"featured_media":197663,"comment_status":"open","ping_status":"closed","sticky":false,"template":"","format":"standard","meta":{"footnotes":"","_links_to":"","_links_to_target":""},"categories":[1],"tags":[],"class_list":["post-197662","post","type-post","status-publish","format-standard","has-post-thumbnail","hentry","category-geral"],"views":67,"_links":{"self":[{"href":"https:\/\/www.politicosdosuldabahia.com.br\/v1\/wp-json\/wp\/v2\/posts\/197662"}],"collection":[{"href":"https:\/\/www.politicosdosuldabahia.com.br\/v1\/wp-json\/wp\/v2\/posts"}],"about":[{"href":"https:\/\/www.politicosdosuldabahia.com.br\/v1\/wp-json\/wp\/v2\/types\/post"}],"author":[{"embeddable":true,"href":"https:\/\/www.politicosdosuldabahia.com.br\/v1\/wp-json\/wp\/v2\/users\/2"}],"replies":[{"embeddable":true,"href":"https:\/\/www.politicosdosuldabahia.com.br\/v1\/wp-json\/wp\/v2\/comments?post=197662"}],"version-history":[{"count":1,"href":"https:\/\/www.politicosdosuldabahia.com.br\/v1\/wp-json\/wp\/v2\/posts\/197662\/revisions"}],"predecessor-version":[{"id":197664,"href":"https:\/\/www.politicosdosuldabahia.com.br\/v1\/wp-json\/wp\/v2\/posts\/197662\/revisions\/197664"}],"wp:featuredmedia":[{"embeddable":true,"href":"https:\/\/www.politicosdosuldabahia.com.br\/v1\/wp-json\/wp\/v2\/media\/197663"}],"wp:attachment":[{"href":"https:\/\/www.politicosdosuldabahia.com.br\/v1\/wp-json\/wp\/v2\/media?parent=197662"}],"wp:term":[{"taxonomy":"category","embeddable":true,"href":"https:\/\/www.politicosdosuldabahia.com.br\/v1\/wp-json\/wp\/v2\/categories?post=197662"},{"taxonomy":"post_tag","embeddable":true,"href":"https:\/\/www.politicosdosuldabahia.com.br\/v1\/wp-json\/wp\/v2\/tags?post=197662"}],"curies":[{"name":"wp","href":"https:\/\/api.w.org\/{rel}","templated":true}]}}