
{"id":197656,"date":"2026-04-28T15:19:17","date_gmt":"2026-04-28T18:19:17","guid":{"rendered":"https:\/\/www.politicosdosuldabahia.com.br\/v1\/?p=197656"},"modified":"2026-04-28T15:19:17","modified_gmt":"2026-04-28T18:19:17","slug":"pau-brasil-seminario-de-saude-e-seguranca-do-trabalhador-promove-autocuidado-e-valorizacao-dos-profissionais","status":"publish","type":"post","link":"https:\/\/www.politicosdosuldabahia.com.br\/v1\/2026\/04\/28\/pau-brasil-seminario-de-saude-e-seguranca-do-trabalhador-promove-autocuidado-e-valorizacao-dos-profissionais\/","title":{"rendered":"PAU BRASIL: SEMIN\u00c1RIO DE SA\u00daDE E SEGURAN\u00c7A DO TRABALHADOR PROMOVE AUTOCUIDADO E VALORIZA\u00c7\u00c3O DOS PROFISSIONAIS"},"content":{"rendered":"<h3 style=\"text-align: justify\"><img loading=\"lazy\" decoding=\"async\" class=\"aligncenter wp-image-197657\" src=\"http:\/\/www.politicosdosuldabahia.com.br\/v1\/wp-content\/uploads\/2026\/04\/WhatsApp-Image-2026-04-28-at-13.57.47.jpeg\" alt=\"\" width=\"455\" height=\"341\" srcset=\"https:\/\/www.politicosdosuldabahia.com.br\/v1\/wp-content\/uploads\/2026\/04\/WhatsApp-Image-2026-04-28-at-13.57.47.jpeg 1280w, https:\/\/www.politicosdosuldabahia.com.br\/v1\/wp-content\/uploads\/2026\/04\/WhatsApp-Image-2026-04-28-at-13.57.47-300x225.jpeg 300w, https:\/\/www.politicosdosuldabahia.com.br\/v1\/wp-content\/uploads\/2026\/04\/WhatsApp-Image-2026-04-28-at-13.57.47-1024x768.jpeg 1024w, https:\/\/www.politicosdosuldabahia.com.br\/v1\/wp-content\/uploads\/2026\/04\/WhatsApp-Image-2026-04-28-at-13.57.47-768x576.jpeg 768w, https:\/\/www.politicosdosuldabahia.com.br\/v1\/wp-content\/uploads\/2026\/04\/WhatsApp-Image-2026-04-28-at-13.57.47-400x300.jpeg 400w\" sizes=\"(max-width: 455px) 100vw, 455px\" \/><\/h3>\n<h3 style=\"text-align: justify\">A Prefeitura de Pau Brasil, por meio da Secretaria Municipal de Sa\u00fade, realizou na manh\u00e3 desta segunda-feira (27) o Semin\u00e1rio de Sa\u00fade e Seguran\u00e7a do Trabalhador, reunindo profissionais da rede municipal em um momento dedicado ao cuidado, escuta e valoriza\u00e7\u00e3o daqueles que atuam diariamente na linha de frente da sa\u00fade.<\/h3>\n<h3 style=\"text-align: justify\">Com o tema \u201cSil\u00eancio, Estresse e Sobrecarga: o que ningu\u00e9m fala\u201d, o evento trouxe \u00e0 tona reflex\u00f5es importantes sobre os desafios enfrentados pelos trabalhadores da sa\u00fade, especialmente relacionados \u00e0 sa\u00fade mental e \u00e0s condi\u00e7\u00f5es de trabalho.<\/h3>\n<h3 style=\"text-align: justify\">A a\u00e7\u00e3o foi planejada com o objetivo de proporcionar um espa\u00e7o de acolhimento e autocuidado, reconhecendo a import\u00e2ncia de olhar tamb\u00e9m para quem cuida. Durante a programa\u00e7\u00e3o, os participantes tiveram acesso a atividades voltadas ao bem-estar, como escalda-p\u00e9s e momentos de relaxamento, al\u00e9m de servi\u00e7os de aferi\u00e7\u00e3o de press\u00e3o arterial e glicemia.<\/h3>\n<h3 style=\"text-align: justify\">Outro destaque do semin\u00e1rio foi a oferta de vacina\u00e7\u00e3o destinada aos profissionais de sa\u00fade, refor\u00e7ando o compromisso com a preven\u00e7\u00e3o e a promo\u00e7\u00e3o da sa\u00fade no ambiente de trabalho. A programa\u00e7\u00e3o contou ainda com palestra ministrada por Marlone Bahia, profissional do CEREST\/Itabuna, que abordou a import\u00e2ncia da sa\u00fade do trabalhador e estrat\u00e9gias para lidar com o estresse e a sobrecarga no cotidiano profissional.<\/h3>\n<h3 style=\"text-align: justify\">A secret\u00e1ria municipal de Sa\u00fade, Glaucia Almeida, destacou a import\u00e2ncia do trabalho coletivo para a realiza\u00e7\u00e3o do evento, agradecendo, em primeiro lugar, a confian\u00e7a do prefeito Robson Ven\u00e2ncio, que tem apoiado e fortalecido as a\u00e7\u00f5es da sa\u00fade no munic\u00edpio. Ressaltou tamb\u00e9m o envolvimento e a dedica\u00e7\u00e3o de toda a equipe, fundamentais para o sucesso do semin\u00e1rio. Por fim, expressou gratid\u00e3o ao governador Jer\u00f4nimo Rodrigues e \u00e0 secret\u00e1ria de Sa\u00fade do Estado, Roberta Santana, pelo apoio e parceria que v\u00eam contribuindo para o avan\u00e7o das pol\u00edticas p\u00fablicas de sa\u00fade na regi\u00e3o.<\/h3>\n<h3 style=\"text-align: justify\">A iniciativa refor\u00e7a o compromisso da gest\u00e3o municipal com a humaniza\u00e7\u00e3o do cuidado e a valoriza\u00e7\u00e3o dos servidores, reconhecendo que a qualidade dos servi\u00e7os prestados \u00e0 popula\u00e7\u00e3o tamb\u00e9m passa pelo bem-estar dos profissionais.<\/h3>\n<h3 style=\"text-align: justify\">O evento contou com o apoio do Centro de Refer\u00eancia em Sa\u00fade do Trabalhador (CEREST), fortalecendo a parceria em a\u00e7\u00f5es voltadas \u00e0 promo\u00e7\u00e3o da sa\u00fade e \u00e0 melhoria das condi\u00e7\u00f5es de trabalho no munic\u00edpio.<\/h3>\n","protected":false},"excerpt":{"rendered":"<p>A Prefeitura de Pau Brasil, por meio da Secretaria Municipal de Sa\u00fade, realizou na manh\u00e3 desta segunda-feira (27) o Semin\u00e1rio de Sa\u00fade e Seguran\u00e7a do Trabalhador, reunindo profissionais da rede municipal em um momento dedicado ao cuidado, escuta e valoriza\u00e7\u00e3o daqueles que atuam diariamente na linha de frente da sa\u00fade. Com o tema \u201cSil\u00eancio, Estresse [&hellip;]<\/p>\n","protected":false},"author":992,"featured_media":197657,"comment_status":"open","ping_status":"closed","sticky":false,"template":"","format":"standard","meta":{"footnotes":"","_links_to":"","_links_to_target":""},"categories":[3],"tags":[],"class_list":["post-197656","post","type-post","status-publish","format-standard","has-post-thumbnail","hentry","category-cidades"],"views":50,"_links":{"self":[{"href":"https:\/\/www.politicosdosuldabahia.com.br\/v1\/wp-json\/wp\/v2\/posts\/197656"}],"collection":[{"href":"https:\/\/www.politicosdosuldabahia.com.br\/v1\/wp-json\/wp\/v2\/posts"}],"about":[{"href":"https:\/\/www.politicosdosuldabahia.com.br\/v1\/wp-json\/wp\/v2\/types\/post"}],"author":[{"embeddable":true,"href":"https:\/\/www.politicosdosuldabahia.com.br\/v1\/wp-json\/wp\/v2\/users\/992"}],"replies":[{"embeddable":true,"href":"https:\/\/www.politicosdosuldabahia.com.br\/v1\/wp-json\/wp\/v2\/comments?post=197656"}],"version-history":[{"count":1,"href":"https:\/\/www.politicosdosuldabahia.com.br\/v1\/wp-json\/wp\/v2\/posts\/197656\/revisions"}],"predecessor-version":[{"id":197658,"href":"https:\/\/www.politicosdosuldabahia.com.br\/v1\/wp-json\/wp\/v2\/posts\/197656\/revisions\/197658"}],"wp:featuredmedia":[{"embeddable":true,"href":"https:\/\/www.politicosdosuldabahia.com.br\/v1\/wp-json\/wp\/v2\/media\/197657"}],"wp:attachment":[{"href":"https:\/\/www.politicosdosuldabahia.com.br\/v1\/wp-json\/wp\/v2\/media?parent=197656"}],"wp:term":[{"taxonomy":"category","embeddable":true,"href":"https:\/\/www.politicosdosuldabahia.com.br\/v1\/wp-json\/wp\/v2\/categories?post=197656"},{"taxonomy":"post_tag","embeddable":true,"href":"https:\/\/www.politicosdosuldabahia.com.br\/v1\/wp-json\/wp\/v2\/tags?post=197656"}],"curies":[{"name":"wp","href":"https:\/\/api.w.org\/{rel}","templated":true}]}}