
{"id":197652,"date":"2026-04-28T13:52:25","date_gmt":"2026-04-28T16:52:25","guid":{"rendered":"https:\/\/www.politicosdosuldabahia.com.br\/v1\/?p=197652"},"modified":"2026-04-28T15:17:24","modified_gmt":"2026-04-28T18:17:24","slug":"ibirapitanga-prefeitura-fortalece-combate-a-fome-com-entrega-de-cestas-basicas","status":"publish","type":"post","link":"https:\/\/www.politicosdosuldabahia.com.br\/v1\/2026\/04\/28\/ibirapitanga-prefeitura-fortalece-combate-a-fome-com-entrega-de-cestas-basicas\/","title":{"rendered":"IBIRAPITANGA: PREFEITURA FORTALECE COMBATE \u00c0 FOME COM ENTREGA DE CESTAS B\u00c1SICAS"},"content":{"rendered":"<p><img loading=\"lazy\" decoding=\"async\" class=\"wp-image-197653 aligncenter\" src=\"http:\/\/www.politicosdosuldabahia.com.br\/v1\/wp-content\/uploads\/2026\/04\/WhatsApp-Image-2026-04-28-at-13.50.51.jpeg\" alt=\"\" width=\"455\" height=\"341\" srcset=\"https:\/\/www.politicosdosuldabahia.com.br\/v1\/wp-content\/uploads\/2026\/04\/WhatsApp-Image-2026-04-28-at-13.50.51.jpeg 1280w, https:\/\/www.politicosdosuldabahia.com.br\/v1\/wp-content\/uploads\/2026\/04\/WhatsApp-Image-2026-04-28-at-13.50.51-300x225.jpeg 300w, https:\/\/www.politicosdosuldabahia.com.br\/v1\/wp-content\/uploads\/2026\/04\/WhatsApp-Image-2026-04-28-at-13.50.51-1024x768.jpeg 1024w, https:\/\/www.politicosdosuldabahia.com.br\/v1\/wp-content\/uploads\/2026\/04\/WhatsApp-Image-2026-04-28-at-13.50.51-768x576.jpeg 768w, https:\/\/www.politicosdosuldabahia.com.br\/v1\/wp-content\/uploads\/2026\/04\/WhatsApp-Image-2026-04-28-at-13.50.51-400x300.jpeg 400w\" sizes=\"(max-width: 455px) 100vw, 455px\" \/><\/p>\n<h3 style=\"text-align: center\"><strong><em>Parceria com o Governo do Estado, atrav\u00e9s do Bahia Sem Fome, amplia assist\u00eancia \u00e0s fam\u00edlias em situa\u00e7\u00e3o de vulnerabilidade<\/em><\/strong><\/h3>\n<h3 style=\"text-align: justify\">A Prefeitura de Ibirapitanga, por meio da Secretaria Municipal de Desenvolvimento Social, realizou na \u00faltima sexta-feira (24), a entrega de 300 cestas b\u00e1sicas no Centro de Refer\u00eancia de Assist\u00eancia Social (CRAS), na sede, dentro das a\u00e7\u00f5es do programa Bahia Sem Fome. A iniciativa, em parceria com o Governo do Estado, foi promovida para garantir seguran\u00e7a alimentar a fam\u00edlias em situa\u00e7\u00e3o de vulnerabilidade, previamente identificadas no munic\u00edpio.<\/h3>\n<h3 style=\"text-align: justify\">A a\u00e7\u00e3o foi organizada com base em levantamento t\u00e9cnico realizado por meio da busca ativa e do Cadastro \u00danico, contemplando moradores dos distritos de Camamuzinho, Itamarati, Novo Horizonte, al\u00e9m da sede e comunidades da zona rural. O foco foi direcionado \u00e0s fam\u00edlias que n\u00e3o acessam benef\u00edcios como Bolsa Fam\u00edlia, P\u00e9-de-Meia e Bolsa Presen\u00e7a, bem como aquelas com o Benef\u00edcio de Presta\u00e7\u00e3o Continuada (BPC) bloqueado ou exclu\u00eddo, assegurando que o aux\u00edlio chegasse a quem mais necessita.<\/h3>\n<h3 style=\"text-align: justify\">Durante o evento, o prefeito J\u00e9 Assun\u00e7\u00e3o destacou a continuidade e amplia\u00e7\u00e3o das iniciativas voltadas ao enfrentamento da inseguran\u00e7a alimentar no munic\u00edpio. \u201cEstamos avan\u00e7ando com pol\u00edticas que cuidam das pessoas. A partir de junho, vamos iniciar a distribui\u00e7\u00e3o de quentinhas no hor\u00e1rio do almo\u00e7o para 400 pessoas, de segunda a sexta-feira, ampliando esse cuidado com quem mais precisa\u201d, afirmou.<\/h3>\n<h3 style=\"text-align: justify\">Al\u00e9m da entrega das cestas, o momento tamb\u00e9m possibilitou o acompanhamento social das fam\u00edlias atendidas, promovendo a atualiza\u00e7\u00e3o cadastral e o encaminhamento para outros programas e servi\u00e7os socioassistenciais. O secret\u00e1rio de Desenvolvimento Social, Xico Moreira, ressaltou o alcance da iniciativa. \u201cNosso trabalho vai al\u00e9m da entrega do alimento. Estamos garantindo acesso a direitos, fortalecendo v\u00ednculos e assegurando que essas fam\u00edlias sejam inseridas de forma efetiva nas pol\u00edticas p\u00fablicas do munic\u00edpio\u201d, pontuou.<\/h3>\n<h3 style=\"text-align: justify\">A log\u00edstica de distribui\u00e7\u00e3o contou com a atua\u00e7\u00e3o integrada da Secretaria de Desenvolvimento Social (SEDES), em articula\u00e7\u00e3o com o Sistema Nacional de Seguran\u00e7a Alimentar e Nutricional (SISAN) e o Conselho Municipal de Seguran\u00e7a Alimentar e Nutricional (COMSEAN), garantindo organiza\u00e7\u00e3o, transpar\u00eancia e efetividade na execu\u00e7\u00e3o da pol\u00edtica p\u00fablica.<\/h3>\n","protected":false},"excerpt":{"rendered":"<p>Parceria com o Governo do Estado, atrav\u00e9s do Bahia Sem Fome, amplia assist\u00eancia \u00e0s fam\u00edlias em situa\u00e7\u00e3o de vulnerabilidade A Prefeitura de Ibirapitanga, por meio da Secretaria Municipal de Desenvolvimento Social, realizou na \u00faltima sexta-feira (24), a entrega de 300 cestas b\u00e1sicas no Centro de Refer\u00eancia de Assist\u00eancia Social (CRAS), na sede, dentro das a\u00e7\u00f5es [&hellip;]<\/p>\n","protected":false},"author":992,"featured_media":197653,"comment_status":"open","ping_status":"closed","sticky":false,"template":"","format":"standard","meta":{"footnotes":"","_links_to":"","_links_to_target":""},"categories":[3],"tags":[],"class_list":["post-197652","post","type-post","status-publish","format-standard","has-post-thumbnail","hentry","category-cidades"],"views":57,"_links":{"self":[{"href":"https:\/\/www.politicosdosuldabahia.com.br\/v1\/wp-json\/wp\/v2\/posts\/197652"}],"collection":[{"href":"https:\/\/www.politicosdosuldabahia.com.br\/v1\/wp-json\/wp\/v2\/posts"}],"about":[{"href":"https:\/\/www.politicosdosuldabahia.com.br\/v1\/wp-json\/wp\/v2\/types\/post"}],"author":[{"embeddable":true,"href":"https:\/\/www.politicosdosuldabahia.com.br\/v1\/wp-json\/wp\/v2\/users\/992"}],"replies":[{"embeddable":true,"href":"https:\/\/www.politicosdosuldabahia.com.br\/v1\/wp-json\/wp\/v2\/comments?post=197652"}],"version-history":[{"count":2,"href":"https:\/\/www.politicosdosuldabahia.com.br\/v1\/wp-json\/wp\/v2\/posts\/197652\/revisions"}],"predecessor-version":[{"id":197655,"href":"https:\/\/www.politicosdosuldabahia.com.br\/v1\/wp-json\/wp\/v2\/posts\/197652\/revisions\/197655"}],"wp:featuredmedia":[{"embeddable":true,"href":"https:\/\/www.politicosdosuldabahia.com.br\/v1\/wp-json\/wp\/v2\/media\/197653"}],"wp:attachment":[{"href":"https:\/\/www.politicosdosuldabahia.com.br\/v1\/wp-json\/wp\/v2\/media?parent=197652"}],"wp:term":[{"taxonomy":"category","embeddable":true,"href":"https:\/\/www.politicosdosuldabahia.com.br\/v1\/wp-json\/wp\/v2\/categories?post=197652"},{"taxonomy":"post_tag","embeddable":true,"href":"https:\/\/www.politicosdosuldabahia.com.br\/v1\/wp-json\/wp\/v2\/tags?post=197652"}],"curies":[{"name":"wp","href":"https:\/\/api.w.org\/{rel}","templated":true}]}}