
{"id":197649,"date":"2026-04-27T21:58:43","date_gmt":"2026-04-28T00:58:43","guid":{"rendered":"https:\/\/www.politicosdosuldabahia.com.br\/v1\/?p=197649"},"modified":"2026-04-27T21:58:43","modified_gmt":"2026-04-28T00:58:43","slug":"maiquinique-evento-de-kayke-frustra-expectativa-e-acende-alerta","status":"publish","type":"post","link":"https:\/\/www.politicosdosuldabahia.com.br\/v1\/2026\/04\/27\/maiquinique-evento-de-kayke-frustra-expectativa-e-acende-alerta\/","title":{"rendered":"MAIQUINIQUE: EVENTO DE KAYKE FRUSTRA EXPECTATIVA E ACENDE ALERTA"},"content":{"rendered":"<p><img loading=\"lazy\" decoding=\"async\" class=\"alignnone size-full wp-image-197650\" src=\"http:\/\/www.politicosdosuldabahia.com.br\/v1\/wp-content\/uploads\/2026\/04\/Captura-de-tela-2026-04-25-183401-e1777337896645.jpg\" alt=\"\" width=\"450\" height=\"254\" \/><\/p>\n<h3 style=\"text-align: justify;\">O vice-prefeito de Maiquinique, Kayke Jardim, realizou na \u00faltima sexta-feira (24) um evento em sua fazenda para apresentar seus deputados: Rosemberg e Daniel Alencar.<\/h3>\n<h3 style=\"text-align: justify;\">A ideia era mostrar for\u00e7a pol\u00edtica. Mas, segundo informa\u00e7\u00f5es, o encontro ficou abaixo da expectativa.<\/h3>\n<h3 style=\"text-align: justify;\">O p\u00fablico teria sido formado por alguns pecuaristas e por lideran\u00e7as de outras cidades, como Itarantim, Igua\u00ed, Itapetinga, Firmino Alves, Itoror\u00f3 e Itaju do Col\u00f4nia. A presen\u00e7a de gente de fora acabou chamando mais aten\u00e7\u00e3o do que a mobiliza\u00e7\u00e3o local.<\/h3>\n<h3 style=\"text-align: justify;\">Nos bastidores, a leitura foi de frustra\u00e7\u00e3o. O site apurou que a decep\u00e7\u00e3o foi grande e que os deputados j\u00e1 teriam reduzido a proje\u00e7\u00e3o de votos em Maiquinique.<\/p>\n<p>Em pol\u00edtica, evento em fazenda pode at\u00e9 render foto bonita. Mas, quando falta povo da cidade, o recado tamb\u00e9m chega r\u00e1pido.<\/h3>\n","protected":false},"excerpt":{"rendered":"<p>O vice-prefeito de Maiquinique, Kayke Jardim, realizou na \u00faltima sexta-feira (24) um evento em sua fazenda para apresentar seus deputados: Rosemberg e Daniel Alencar. A ideia era mostrar for\u00e7a pol\u00edtica. Mas, segundo informa\u00e7\u00f5es, o encontro ficou abaixo da expectativa. O p\u00fablico teria sido formado por alguns pecuaristas e por lideran\u00e7as de outras cidades, como Itarantim, [&hellip;]<\/p>\n","protected":false},"author":2,"featured_media":197650,"comment_status":"open","ping_status":"closed","sticky":false,"template":"","format":"standard","meta":{"footnotes":"","_links_to":"","_links_to_target":""},"categories":[1],"tags":[],"class_list":["post-197649","post","type-post","status-publish","format-standard","has-post-thumbnail","hentry","category-geral"],"views":168,"_links":{"self":[{"href":"https:\/\/www.politicosdosuldabahia.com.br\/v1\/wp-json\/wp\/v2\/posts\/197649"}],"collection":[{"href":"https:\/\/www.politicosdosuldabahia.com.br\/v1\/wp-json\/wp\/v2\/posts"}],"about":[{"href":"https:\/\/www.politicosdosuldabahia.com.br\/v1\/wp-json\/wp\/v2\/types\/post"}],"author":[{"embeddable":true,"href":"https:\/\/www.politicosdosuldabahia.com.br\/v1\/wp-json\/wp\/v2\/users\/2"}],"replies":[{"embeddable":true,"href":"https:\/\/www.politicosdosuldabahia.com.br\/v1\/wp-json\/wp\/v2\/comments?post=197649"}],"version-history":[{"count":1,"href":"https:\/\/www.politicosdosuldabahia.com.br\/v1\/wp-json\/wp\/v2\/posts\/197649\/revisions"}],"predecessor-version":[{"id":197651,"href":"https:\/\/www.politicosdosuldabahia.com.br\/v1\/wp-json\/wp\/v2\/posts\/197649\/revisions\/197651"}],"wp:featuredmedia":[{"embeddable":true,"href":"https:\/\/www.politicosdosuldabahia.com.br\/v1\/wp-json\/wp\/v2\/media\/197650"}],"wp:attachment":[{"href":"https:\/\/www.politicosdosuldabahia.com.br\/v1\/wp-json\/wp\/v2\/media?parent=197649"}],"wp:term":[{"taxonomy":"category","embeddable":true,"href":"https:\/\/www.politicosdosuldabahia.com.br\/v1\/wp-json\/wp\/v2\/categories?post=197649"},{"taxonomy":"post_tag","embeddable":true,"href":"https:\/\/www.politicosdosuldabahia.com.br\/v1\/wp-json\/wp\/v2\/tags?post=197649"}],"curies":[{"name":"wp","href":"https:\/\/api.w.org\/{rel}","templated":true}]}}