
{"id":197647,"date":"2026-04-27T21:50:18","date_gmt":"2026-04-28T00:50:18","guid":{"rendered":"https:\/\/www.politicosdosuldabahia.com.br\/v1\/?p=197647"},"modified":"2026-04-27T21:50:18","modified_gmt":"2026-04-28T00:50:18","slug":"canavieiras-paulo-carvalho-mexe-no-salario-dos-professores-e-pode-pagar-caro","status":"publish","type":"post","link":"https:\/\/www.politicosdosuldabahia.com.br\/v1\/2026\/04\/27\/canavieiras-paulo-carvalho-mexe-no-salario-dos-professores-e-pode-pagar-caro\/","title":{"rendered":"CANAVIEIRAS: PAULO CARVALHO MEXE NO SAL\u00c1RIO DOS PROFESSORES E PODE PAGAR CARO"},"content":{"rendered":"<p><img loading=\"lazy\" decoding=\"async\" class=\"alignnone size-full wp-image-179194\" src=\"http:\/\/www.politicosdosuldabahia.com.br\/v1\/wp-content\/uploads\/2023\/12\/paulo-c.jpeg\" alt=\"\" width=\"451\" height=\"455\" srcset=\"https:\/\/www.politicosdosuldabahia.com.br\/v1\/wp-content\/uploads\/2023\/12\/paulo-c.jpeg 451w, https:\/\/www.politicosdosuldabahia.com.br\/v1\/wp-content\/uploads\/2023\/12\/paulo-c-150x150.jpeg 150w, https:\/\/www.politicosdosuldabahia.com.br\/v1\/wp-content\/uploads\/2023\/12\/paulo-c-297x300.jpeg 297w\" sizes=\"(max-width: 451px) 100vw, 451px\" \/><\/p>\n<h3 style=\"text-align: justify;\">O prefeito de Canavieiras, Paulo Carvalho (Avante), entrou em rota de colis\u00e3o com os professores da rede municipal.<\/h3>\n<h3 style=\"text-align: justify;\">O motivo \u00e9 a tentativa de alterar o plano de carreira da categoria, medida que, segundo os docentes, pode provocar impacto direto nos sal\u00e1rios. A tens\u00e3o j\u00e1 chegou \u00e0 C\u00e2mara, onde uma sess\u00e3o recente foi marcada por manifesta\u00e7\u00e3o de professores e cobran\u00e7a dura da APLB contra a gest\u00e3o municipal.<\/h3>\n<h3 style=\"text-align: justify;\">Nos bastidores, o desgaste pol\u00edtico come\u00e7ou a acender o sinal amarelo no governo. J\u00e1 h\u00e1 quem fale at\u00e9 em uma poss\u00edvel manobra na C\u00e2mara para tentar afastar o prefeito, caso a crise avance.<br \/>\nEnquanto isso, o vice-prefeito acompanha tudo de camarote.<\/p>\n<p>Em pol\u00edtica, quando professor vai para a rua e vereador come\u00e7a a fazer conta, o recreio costuma acabar cedo.<\/h3>\n","protected":false},"excerpt":{"rendered":"<p>O prefeito de Canavieiras, Paulo Carvalho (Avante), entrou em rota de colis\u00e3o com os professores da rede municipal. O motivo \u00e9 a tentativa de alterar o plano de carreira da categoria, medida que, segundo os docentes, pode provocar impacto direto nos sal\u00e1rios. A tens\u00e3o j\u00e1 chegou \u00e0 C\u00e2mara, onde uma sess\u00e3o recente foi marcada por [&hellip;]<\/p>\n","protected":false},"author":2,"featured_media":179194,"comment_status":"open","ping_status":"closed","sticky":false,"template":"","format":"standard","meta":{"footnotes":"","_links_to":"","_links_to_target":""},"categories":[1],"tags":[],"class_list":["post-197647","post","type-post","status-publish","format-standard","has-post-thumbnail","hentry","category-geral"],"views":68,"_links":{"self":[{"href":"https:\/\/www.politicosdosuldabahia.com.br\/v1\/wp-json\/wp\/v2\/posts\/197647"}],"collection":[{"href":"https:\/\/www.politicosdosuldabahia.com.br\/v1\/wp-json\/wp\/v2\/posts"}],"about":[{"href":"https:\/\/www.politicosdosuldabahia.com.br\/v1\/wp-json\/wp\/v2\/types\/post"}],"author":[{"embeddable":true,"href":"https:\/\/www.politicosdosuldabahia.com.br\/v1\/wp-json\/wp\/v2\/users\/2"}],"replies":[{"embeddable":true,"href":"https:\/\/www.politicosdosuldabahia.com.br\/v1\/wp-json\/wp\/v2\/comments?post=197647"}],"version-history":[{"count":1,"href":"https:\/\/www.politicosdosuldabahia.com.br\/v1\/wp-json\/wp\/v2\/posts\/197647\/revisions"}],"predecessor-version":[{"id":197648,"href":"https:\/\/www.politicosdosuldabahia.com.br\/v1\/wp-json\/wp\/v2\/posts\/197647\/revisions\/197648"}],"wp:featuredmedia":[{"embeddable":true,"href":"https:\/\/www.politicosdosuldabahia.com.br\/v1\/wp-json\/wp\/v2\/media\/179194"}],"wp:attachment":[{"href":"https:\/\/www.politicosdosuldabahia.com.br\/v1\/wp-json\/wp\/v2\/media?parent=197647"}],"wp:term":[{"taxonomy":"category","embeddable":true,"href":"https:\/\/www.politicosdosuldabahia.com.br\/v1\/wp-json\/wp\/v2\/categories?post=197647"},{"taxonomy":"post_tag","embeddable":true,"href":"https:\/\/www.politicosdosuldabahia.com.br\/v1\/wp-json\/wp\/v2\/tags?post=197647"}],"curies":[{"name":"wp","href":"https:\/\/api.w.org\/{rel}","templated":true}]}}