
{"id":197644,"date":"2026-04-27T20:13:45","date_gmt":"2026-04-27T23:13:45","guid":{"rendered":"https:\/\/www.politicosdosuldabahia.com.br\/v1\/?p=197644"},"modified":"2026-04-27T20:13:45","modified_gmt":"2026-04-27T23:13:45","slug":"ilheus-prefeitura-esclarece-dados-sobre-vagas-da-policlinica-e-aponta-equivoco-em-numeros","status":"publish","type":"post","link":"https:\/\/www.politicosdosuldabahia.com.br\/v1\/2026\/04\/27\/ilheus-prefeitura-esclarece-dados-sobre-vagas-da-policlinica-e-aponta-equivoco-em-numeros\/","title":{"rendered":"ILH\u00c9US: PREFEITURA ESCLARECE DADOS SOBRE VAGAS DA POLICL\u00cdNICA E APONTA EQU\u00cdVOCO EM N\u00daMEROS"},"content":{"rendered":"<p><img loading=\"lazy\" decoding=\"async\" class=\"aligncenter wp-image-197605\" src=\"http:\/\/www.politicosdosuldabahia.com.br\/v1\/wp-content\/uploads\/2026\/04\/Policlinica-inaugurada-em-Ilheus-atende-moradores-0124264400202312121424.jpg\" alt=\"\" width=\"455\" height=\"260\" srcset=\"https:\/\/www.politicosdosuldabahia.com.br\/v1\/wp-content\/uploads\/2026\/04\/Policlinica-inaugurada-em-Ilheus-atende-moradores-0124264400202312121424.jpg 800w, https:\/\/www.politicosdosuldabahia.com.br\/v1\/wp-content\/uploads\/2026\/04\/Policlinica-inaugurada-em-Ilheus-atende-moradores-0124264400202312121424-300x172.jpg 300w, https:\/\/www.politicosdosuldabahia.com.br\/v1\/wp-content\/uploads\/2026\/04\/Policlinica-inaugurada-em-Ilheus-atende-moradores-0124264400202312121424-768x440.jpg 768w\" sizes=\"(max-width: 455px) 100vw, 455px\" \/><\/p>\n<p style=\"text-align: center\"><strong><em>Secretaria de Sa\u00fade afirma que munic\u00edpio utiliza entre 70% e 80% das vagas dispon\u00edveis e que total apresentado inclui atendimentos de outros munic\u00edpios<\/em><\/strong><\/p>\n<p>&nbsp;<\/p>\n<h3 style=\"text-align: justify\">A Prefeitura de Ilh\u00e9us, por meio da Secretaria Municipal de Sa\u00fade, contesta as informa\u00e7\u00f5es que apontam baixa utiliza\u00e7\u00e3o das vagas ofertadas pela Policl\u00ednica Regional de Sa\u00fade, classificando os dados divulgados como equivocados e fora de contexto.<\/h3>\n<h3 style=\"text-align: justify\">De acordo com a supervisora de regula\u00e7\u00e3o do munic\u00edpio, Daniele Machado, os n\u00fameros apresentados n\u00e3o refletem a realidade do uso dos servi\u00e7os por parte de Ilh\u00e9us. Segundo ela, relat\u00f3rios extra\u00eddos do pr\u00f3prio sistema da Policl\u00ednica Regional indicam que, no per\u00edodo de fevereiro de 2025 a mar\u00e7o de 2026, o munic\u00edpio teve acesso a 40.153 vagas para consultas e exames especializados.<\/h3>\n<h3 style=\"text-align: justify\">A secret\u00e1ria de Sa\u00fade, Sonilda Mello, tamb\u00e9m aponta o equ\u00edvoco. \u201cDiferente do que foi divulgado, Ilh\u00e9us n\u00e3o teve acesso a mais de 78 mil vagas. Esse n\u00famero provavelmente corresponde ao total ofertado para todos os munic\u00edpios atendidos pela Policl\u00ednica, e n\u00e3o apenas para Ilh\u00e9us\u201d, explicou.<\/h3>\n<h3 style=\"text-align: justify\">A m\u00e9dia de aproveitamento mensal do munic\u00edpio \u00e9 entre 70% e 80% das vagas dispon\u00edveis, percentual considerado satisfat\u00f3rio dentro da realidade da regula\u00e7\u00e3o em sa\u00fade p\u00fablica.<\/h3>\n<h3 style=\"text-align: justify\">Al\u00e9m disso, relatos apontam que supostas intercorr\u00eancias na pr\u00f3pria Policl\u00ednica tamb\u00e9m influenciam na execu\u00e7\u00e3o dos atendimentos. Entre outubro de 2025 e mar\u00e7o de 2026, mais de 70 pacientes tiveram seus agendamentos cancelados pela aus\u00eancia de profissionais, que n\u00e3o puderam comparecer por motivos de sa\u00fade. Nesses casos, as vagas n\u00e3o s\u00e3o automaticamente reabertas.<\/h3>\n<h3 style=\"text-align: justify\">Outro fator relevante apontado pela Secretaria de Sa\u00fade \u00e9 a aus\u00eancia dos pacientes nas consultas e exames agendados. Ou seja, muitos usu\u00e1rios n\u00e3o comparecem e tamb\u00e9m n\u00e3o realizam o cancelamento com anteced\u00eancia, o que impede que a vaga seja repassada para outra pessoa imediatamente.<\/h3>\n<h3 style=\"text-align: justify\">Por fim, a gest\u00e3o municipal refor\u00e7a que tem ofertado todas as vagas disponibilizadas \u00e0 popula\u00e7\u00e3o, dentro das condi\u00e7\u00f5es apresentadas, reafirmando o compromisso com o acesso aos servi\u00e7os de sa\u00fade.<\/h3>\n","protected":false},"excerpt":{"rendered":"<p>Secretaria de Sa\u00fade afirma que munic\u00edpio utiliza entre 70% e 80% das vagas dispon\u00edveis e que total apresentado inclui atendimentos de outros munic\u00edpios &nbsp; A Prefeitura de Ilh\u00e9us, por meio da Secretaria Municipal de Sa\u00fade, contesta as informa\u00e7\u00f5es que apontam baixa utiliza\u00e7\u00e3o das vagas ofertadas pela Policl\u00ednica Regional de Sa\u00fade, classificando os dados divulgados como [&hellip;]<\/p>\n","protected":false},"author":992,"featured_media":197605,"comment_status":"open","ping_status":"closed","sticky":false,"template":"","format":"standard","meta":{"footnotes":"","_links_to":"","_links_to_target":""},"categories":[14,3],"tags":[],"class_list":["post-197644","post","type-post","status-publish","format-standard","has-post-thumbnail","hentry","category-bahia-geral","category-cidades"],"views":66,"_links":{"self":[{"href":"https:\/\/www.politicosdosuldabahia.com.br\/v1\/wp-json\/wp\/v2\/posts\/197644"}],"collection":[{"href":"https:\/\/www.politicosdosuldabahia.com.br\/v1\/wp-json\/wp\/v2\/posts"}],"about":[{"href":"https:\/\/www.politicosdosuldabahia.com.br\/v1\/wp-json\/wp\/v2\/types\/post"}],"author":[{"embeddable":true,"href":"https:\/\/www.politicosdosuldabahia.com.br\/v1\/wp-json\/wp\/v2\/users\/992"}],"replies":[{"embeddable":true,"href":"https:\/\/www.politicosdosuldabahia.com.br\/v1\/wp-json\/wp\/v2\/comments?post=197644"}],"version-history":[{"count":1,"href":"https:\/\/www.politicosdosuldabahia.com.br\/v1\/wp-json\/wp\/v2\/posts\/197644\/revisions"}],"predecessor-version":[{"id":197645,"href":"https:\/\/www.politicosdosuldabahia.com.br\/v1\/wp-json\/wp\/v2\/posts\/197644\/revisions\/197645"}],"wp:featuredmedia":[{"embeddable":true,"href":"https:\/\/www.politicosdosuldabahia.com.br\/v1\/wp-json\/wp\/v2\/media\/197605"}],"wp:attachment":[{"href":"https:\/\/www.politicosdosuldabahia.com.br\/v1\/wp-json\/wp\/v2\/media?parent=197644"}],"wp:term":[{"taxonomy":"category","embeddable":true,"href":"https:\/\/www.politicosdosuldabahia.com.br\/v1\/wp-json\/wp\/v2\/categories?post=197644"},{"taxonomy":"post_tag","embeddable":true,"href":"https:\/\/www.politicosdosuldabahia.com.br\/v1\/wp-json\/wp\/v2\/tags?post=197644"}],"curies":[{"name":"wp","href":"https:\/\/api.w.org\/{rel}","templated":true}]}}