
{"id":197640,"date":"2026-04-27T20:11:08","date_gmt":"2026-04-27T23:11:08","guid":{"rendered":"https:\/\/www.politicosdosuldabahia.com.br\/v1\/?p=197640"},"modified":"2026-04-27T20:11:08","modified_gmt":"2026-04-27T23:11:08","slug":"jussari-com-atracoes-nacionais-e-seguranca-reforcada-cacau-fest-movimenta-a-regiao-no-proximo-final-de-semana","status":"publish","type":"post","link":"https:\/\/www.politicosdosuldabahia.com.br\/v1\/2026\/04\/27\/jussari-com-atracoes-nacionais-e-seguranca-reforcada-cacau-fest-movimenta-a-regiao-no-proximo-final-de-semana\/","title":{"rendered":"JUSSARI: COM ATRA\u00c7\u00d5ES NACIONAIS E SEGURAN\u00c7A REFOR\u00c7ADA CACAU FEST\u00a0 MOVIMENTA A REGI\u00c3O NO PR\u00d3XIMO FINAL DE SEMANA"},"content":{"rendered":"<p>&nbsp;<\/p>\n<h3 style=\"text-align: center\">\u00a0<img loading=\"lazy\" decoding=\"async\" class=\"alignnone wp-image-197641\" src=\"http:\/\/www.politicosdosuldabahia.com.br\/v1\/wp-content\/uploads\/2026\/04\/JUSSARI-CACAU-FEST-BANNER-SITE.png\" alt=\"\" width=\"455\" height=\"93\" srcset=\"https:\/\/www.politicosdosuldabahia.com.br\/v1\/wp-content\/uploads\/2026\/04\/JUSSARI-CACAU-FEST-BANNER-SITE.png 600w, https:\/\/www.politicosdosuldabahia.com.br\/v1\/wp-content\/uploads\/2026\/04\/JUSSARI-CACAU-FEST-BANNER-SITE-300x62.png 300w\" sizes=\"(max-width: 455px) 100vw, 455px\" \/><\/h3>\n<h3 style=\"text-align: justify\">A Cacau Fest est\u00e1 chegando, com uma programa\u00e7\u00e3o marcada por atra\u00e7\u00f5es de nome nacional e um esquema de seguran\u00e7a refor\u00e7ado para garantir tranquilidade ao p\u00fablico. O evento, que acontece nos dias 1\u00ba, 2 e 3 de maio, promete movimentar a regi\u00e3o com shows, cultura e entretenimento para todas as idades.<\/h3>\n<h3 style=\"text-align: justify\">A organiza\u00e7\u00e3o, em parceria com as for\u00e7as de seguran\u00e7a, estruturou um planejamento especial que inclui videomonitoramento em tempo real em todo o circuito da festa. As c\u00e2meras estar\u00e3o conectadas a uma central com acesso direto \u00e0 Pol\u00edcia Militar, permitindo respostas r\u00e1pidas a qualquer situa\u00e7\u00e3o.<\/h3>\n<h3 style=\"text-align: justify\">Outro ponto de destaque \u00e9 o refor\u00e7o no efetivo policial e na seguran\u00e7a privada, com agentes distribu\u00eddos estrategicamente durante todos os dias do evento. A iniciativa segue o modelo adotado na edi\u00e7\u00e3o anterior, que teve resultado positivo: nenhuma ocorr\u00eancia foi registrada dentro do circuito oficial da festa.<\/h3>\n<p><img loading=\"lazy\" decoding=\"async\" class=\"aligncenter wp-image-197642\" src=\"http:\/\/www.politicosdosuldabahia.com.br\/v1\/wp-content\/uploads\/2026\/04\/WhatsApp-Image-2026-04-27-at-20.07.02.jpeg\" alt=\"\" width=\"455\" height=\"303\" srcset=\"https:\/\/www.politicosdosuldabahia.com.br\/v1\/wp-content\/uploads\/2026\/04\/WhatsApp-Image-2026-04-27-at-20.07.02.jpeg 750w, https:\/\/www.politicosdosuldabahia.com.br\/v1\/wp-content\/uploads\/2026\/04\/WhatsApp-Image-2026-04-27-at-20.07.02-300x200.jpeg 300w\" sizes=\"(max-width: 455px) 100vw, 455px\" \/><\/p>\n<h3 style=\"text-align: justify\">Segundo o prefeito Orleans Mascarenhas, o investimento em seguran\u00e7a e na qualidade da programa\u00e7\u00e3o \u00e9 essencial para o sucesso do evento. \u201cEstamos preparando uma grande festa, com atra\u00e7\u00f5es de n\u00edvel nacional e, principalmente, com toda a estrutura necess\u00e1ria para garantir a seguran\u00e7a das fam\u00edlias. Nosso objetivo \u00e9 que todos possam aproveitar com tranquilidade e alegria\u201d, destacou.<\/h3>\n<h3 style=\"text-align: justify\"><\/h3>\n<h3 style=\"text-align: justify\"><strong>Atra\u00e7\u00f5es musicais<\/strong><\/h3>\n<h3 style=\"text-align: justify\">A programa\u00e7\u00e3o deste ano re\u00fane grandes nomes da m\u00fasica nacional e regional. Entre as atra\u00e7\u00f5es confirmadas est\u00e3o L\u00e9o Santana, Pablo, Psirico, Tony Salles, Toque Dez, Neto Brito, Sinho Ferrary, Silfarley e Ueden Santana.<\/h3>\n<h3 style=\"text-align: justify\">Com uma grade art\u00edstica de peso e diversidade de estilos, a Cacau Fest 2026 deve atrair milhares de pessoas ao munic\u00edpio, impulsionando o turismo e a economia local. A combina\u00e7\u00e3o entre grandes shows e um forte esquema de seguran\u00e7a refor\u00e7a a expectativa de mais uma edi\u00e7\u00e3o marcada pela organiza\u00e7\u00e3o, tranquilidade e celebra\u00e7\u00e3o.<\/h3>\n<h3 style=\"text-align: justify\"><\/h3>\n","protected":false},"excerpt":{"rendered":"<p>&nbsp; \u00a0 A Cacau Fest est\u00e1 chegando, com uma programa\u00e7\u00e3o marcada por atra\u00e7\u00f5es de nome nacional e um esquema de seguran\u00e7a refor\u00e7ado para garantir tranquilidade ao p\u00fablico. O evento, que acontece nos dias 1\u00ba, 2 e 3 de maio, promete movimentar a regi\u00e3o com shows, cultura e entretenimento para todas as idades. A organiza\u00e7\u00e3o, em [&hellip;]<\/p>\n","protected":false},"author":992,"featured_media":197642,"comment_status":"open","ping_status":"closed","sticky":false,"template":"","format":"standard","meta":{"footnotes":"","_links_to":"","_links_to_target":""},"categories":[3,9],"tags":[],"class_list":["post-197640","post","type-post","status-publish","format-standard","has-post-thumbnail","hentry","category-cidades","category-eventos"],"views":57,"_links":{"self":[{"href":"https:\/\/www.politicosdosuldabahia.com.br\/v1\/wp-json\/wp\/v2\/posts\/197640"}],"collection":[{"href":"https:\/\/www.politicosdosuldabahia.com.br\/v1\/wp-json\/wp\/v2\/posts"}],"about":[{"href":"https:\/\/www.politicosdosuldabahia.com.br\/v1\/wp-json\/wp\/v2\/types\/post"}],"author":[{"embeddable":true,"href":"https:\/\/www.politicosdosuldabahia.com.br\/v1\/wp-json\/wp\/v2\/users\/992"}],"replies":[{"embeddable":true,"href":"https:\/\/www.politicosdosuldabahia.com.br\/v1\/wp-json\/wp\/v2\/comments?post=197640"}],"version-history":[{"count":1,"href":"https:\/\/www.politicosdosuldabahia.com.br\/v1\/wp-json\/wp\/v2\/posts\/197640\/revisions"}],"predecessor-version":[{"id":197643,"href":"https:\/\/www.politicosdosuldabahia.com.br\/v1\/wp-json\/wp\/v2\/posts\/197640\/revisions\/197643"}],"wp:featuredmedia":[{"embeddable":true,"href":"https:\/\/www.politicosdosuldabahia.com.br\/v1\/wp-json\/wp\/v2\/media\/197642"}],"wp:attachment":[{"href":"https:\/\/www.politicosdosuldabahia.com.br\/v1\/wp-json\/wp\/v2\/media?parent=197640"}],"wp:term":[{"taxonomy":"category","embeddable":true,"href":"https:\/\/www.politicosdosuldabahia.com.br\/v1\/wp-json\/wp\/v2\/categories?post=197640"},{"taxonomy":"post_tag","embeddable":true,"href":"https:\/\/www.politicosdosuldabahia.com.br\/v1\/wp-json\/wp\/v2\/tags?post=197640"}],"curies":[{"name":"wp","href":"https:\/\/api.w.org\/{rel}","templated":true}]}}