
{"id":197637,"date":"2026-04-27T20:03:54","date_gmt":"2026-04-27T23:03:54","guid":{"rendered":"https:\/\/www.politicosdosuldabahia.com.br\/v1\/?p=197637"},"modified":"2026-04-27T20:03:54","modified_gmt":"2026-04-27T23:03:54","slug":"ilheus-a-forca-da-amizade-e-o-brilho-de-magno-lavigne-em-ilheus","status":"publish","type":"post","link":"https:\/\/www.politicosdosuldabahia.com.br\/v1\/2026\/04\/27\/ilheus-a-forca-da-amizade-e-o-brilho-de-magno-lavigne-em-ilheus\/","title":{"rendered":"ILH\u00c9US: A FOR\u00c7A DA AMIZADE E O BRILHO DE MAGNO LAVIGNE EM ILH\u00c9US."},"content":{"rendered":"<p><img loading=\"lazy\" decoding=\"async\" class=\"aligncenter wp-image-197638\" src=\"http:\/\/www.politicosdosuldabahia.com.br\/v1\/wp-content\/uploads\/2026\/04\/WhatsApp-Image-2026-04-27-at-17.35.05.jpeg\" alt=\"\" width=\"455\" height=\"281\" srcset=\"https:\/\/www.politicosdosuldabahia.com.br\/v1\/wp-content\/uploads\/2026\/04\/WhatsApp-Image-2026-04-27-at-17.35.05.jpeg 700w, https:\/\/www.politicosdosuldabahia.com.br\/v1\/wp-content\/uploads\/2026\/04\/WhatsApp-Image-2026-04-27-at-17.35.05-300x186.jpeg 300w\" sizes=\"(max-width: 455px) 100vw, 455px\" \/><\/p>\n<h3 style=\"text-align: justify\">Neste s\u00e1bado, 25 de abril, n\u00e3o foi apenas mais uma data no calend\u00e1rio de Ilh\u00e9us. Foi um dia de reencontros, sorrisos largos e uma demonstra\u00e7\u00e3o de carinho que poucas figuras p\u00fablicas conseguem reunir com tanta espontaneidade. Celebrando seus 52 anos de vida, o advogado, sindicalista e comunicador Magno Lavigne transformou sua festa de anivers\u00e1rio em um verdadeiro marco de uni\u00e3o entre amigos, familiares e admiradores.<\/h3>\n<h3 style=\"text-align: justify\">Embora a data oficial de seu nascimento seja 22 de abril, Magno escolheu o fim de semana para receber o abra\u00e7o caloroso daqueles que acompanham sua jornada. E que jornada! Filho orgulhoso de Dona Gra\u00e7a Jacy e do Sr. Pacheco, pai dedicado de Maria, Felipe, e Bia, companheiro de Kika\u00a0 Zanutti, Magno carrega no DNA a garra ilheense e o compromisso com o pr\u00f3ximo.<\/h3>\n<h3 style=\"text-align: justify\"><\/h3>\n<h3 style=\"text-align: justify\">Uma <strong>Trajet\u00f3ria<\/strong> de Lutas e Vit\u00f3rias<\/h3>\n<h3 style=\"text-align: justify\">Quem conhece Magno sabe que sua simpatia n\u00e3o \u00e9 apenas de fachada; \u00e9 reflexo de uma vida inteira dedicada \u00e0s causas sociais.<\/h3>\n<h3 style=\"text-align: justify\">Seja na advocacia, defendendo a cidadania, ou no r\u00e1dio, dando voz ao povo, Magno construiu uma reputa\u00e7\u00e3o s\u00f3lida baseada na \u00e9tica e na busca por justi\u00e7a social. Sua atua\u00e7\u00e3o no movimento sindical \u00e9 refer\u00eancia de resist\u00eancia e di\u00e1logo, caracter\u00edsticas que o credenciam agora em sua pr\u00e9-candidatura a deputado estadual.<\/h3>\n<h3 style=\"text-align: justify\"><\/h3>\n<h3 style=\"text-align: justify\"><strong>O Tom da Celebra\u00e7\u00e3o<\/strong><\/h3>\n<h3 style=\"text-align: justify\">A festa foi regada a alegria e gratid\u00e3o. Em um momento de fala emocionante, Magno resumiu o sentimento que norteia seus passos:<\/h3>\n<h3 style=\"text-align: justify\">&#8220;Hoje, olhando o horizonte, posso enxergar onde podemos chegar juntos. A esperan\u00e7a me move, a solidariedade me inspira e o dom de amar o pr\u00f3ximo \u00e9 uma eterna miss\u00e3o. Obrigado a todos os presentes por compartilharem este momento inesquec\u00edvel comigo.&#8221;<\/h3>\n","protected":false},"excerpt":{"rendered":"<p>Neste s\u00e1bado, 25 de abril, n\u00e3o foi apenas mais uma data no calend\u00e1rio de Ilh\u00e9us. Foi um dia de reencontros, sorrisos largos e uma demonstra\u00e7\u00e3o de carinho que poucas figuras p\u00fablicas conseguem reunir com tanta espontaneidade. Celebrando seus 52 anos de vida, o advogado, sindicalista e comunicador Magno Lavigne transformou sua festa de anivers\u00e1rio em [&hellip;]<\/p>\n","protected":false},"author":992,"featured_media":197638,"comment_status":"open","ping_status":"closed","sticky":false,"template":"","format":"standard","meta":{"footnotes":"","_links_to":"","_links_to_target":""},"categories":[3],"tags":[],"class_list":["post-197637","post","type-post","status-publish","format-standard","has-post-thumbnail","hentry","category-cidades"],"views":57,"_links":{"self":[{"href":"https:\/\/www.politicosdosuldabahia.com.br\/v1\/wp-json\/wp\/v2\/posts\/197637"}],"collection":[{"href":"https:\/\/www.politicosdosuldabahia.com.br\/v1\/wp-json\/wp\/v2\/posts"}],"about":[{"href":"https:\/\/www.politicosdosuldabahia.com.br\/v1\/wp-json\/wp\/v2\/types\/post"}],"author":[{"embeddable":true,"href":"https:\/\/www.politicosdosuldabahia.com.br\/v1\/wp-json\/wp\/v2\/users\/992"}],"replies":[{"embeddable":true,"href":"https:\/\/www.politicosdosuldabahia.com.br\/v1\/wp-json\/wp\/v2\/comments?post=197637"}],"version-history":[{"count":1,"href":"https:\/\/www.politicosdosuldabahia.com.br\/v1\/wp-json\/wp\/v2\/posts\/197637\/revisions"}],"predecessor-version":[{"id":197639,"href":"https:\/\/www.politicosdosuldabahia.com.br\/v1\/wp-json\/wp\/v2\/posts\/197637\/revisions\/197639"}],"wp:featuredmedia":[{"embeddable":true,"href":"https:\/\/www.politicosdosuldabahia.com.br\/v1\/wp-json\/wp\/v2\/media\/197638"}],"wp:attachment":[{"href":"https:\/\/www.politicosdosuldabahia.com.br\/v1\/wp-json\/wp\/v2\/media?parent=197637"}],"wp:term":[{"taxonomy":"category","embeddable":true,"href":"https:\/\/www.politicosdosuldabahia.com.br\/v1\/wp-json\/wp\/v2\/categories?post=197637"},{"taxonomy":"post_tag","embeddable":true,"href":"https:\/\/www.politicosdosuldabahia.com.br\/v1\/wp-json\/wp\/v2\/tags?post=197637"}],"curies":[{"name":"wp","href":"https:\/\/api.w.org\/{rel}","templated":true}]}}