
{"id":197634,"date":"2026-04-27T20:00:30","date_gmt":"2026-04-27T23:00:30","guid":{"rendered":"https:\/\/www.politicosdosuldabahia.com.br\/v1\/?p=197634"},"modified":"2026-04-27T20:00:30","modified_gmt":"2026-04-27T23:00:30","slug":"itacare-participa-da-marcha-da-uvb-em-brasilia-com-comitiva-de-vereadores-e-vice-prefeito","status":"publish","type":"post","link":"https:\/\/www.politicosdosuldabahia.com.br\/v1\/2026\/04\/27\/itacare-participa-da-marcha-da-uvb-em-brasilia-com-comitiva-de-vereadores-e-vice-prefeito\/","title":{"rendered":"ITACAR\u00c9 PARTICIPA DA MARCHA DA UVB EM BRAS\u00cdLIA COM COMITIVA DE VEREADORES E VICE-PREFEITO"},"content":{"rendered":"<h3><img loading=\"lazy\" decoding=\"async\" class=\"alignnone size-full wp-image-197635 aligncenter\" src=\"http:\/\/www.politicosdosuldabahia.com.br\/v1\/wp-content\/uploads\/2026\/04\/WhatsApp-Image-2026-04-27-at-19.02.30.jpeg\" alt=\"\" width=\"455\" height=\"341\" srcset=\"https:\/\/www.politicosdosuldabahia.com.br\/v1\/wp-content\/uploads\/2026\/04\/WhatsApp-Image-2026-04-27-at-19.02.30.jpeg 455w, https:\/\/www.politicosdosuldabahia.com.br\/v1\/wp-content\/uploads\/2026\/04\/WhatsApp-Image-2026-04-27-at-19.02.30-300x225.jpeg 300w, https:\/\/www.politicosdosuldabahia.com.br\/v1\/wp-content\/uploads\/2026\/04\/WhatsApp-Image-2026-04-27-at-19.02.30-400x300.jpeg 400w\" sizes=\"(max-width: 455px) 100vw, 455px\" \/><\/h3>\n<h3 style=\"text-align: justify\">Itacar\u00e9 est\u00e1 representada em Bras\u00edlia na Marcha da UVB (Uni\u00e3o dos Vereadores do Brasil), que acontece entre esta segunda-feira (27) e quinta-feira (30), reunindo lideran\u00e7as de todo o pa\u00eds em defesa do fortalecimento dos gestores e legislativo municipal. A comitiva do munic\u00edpio \u00e9 formada por oito vereadores, pelo secret\u00e1rio Albert Queiroz e pelo vice-prefeito Jos\u00e9 Washington, que participa do evento representando o prefeito Nego de Saronga.<\/h3>\n<h3 style=\"text-align: justify\">Integram a comitiva o presidente da C\u00e2mara, Renilson, e os vereadores Pedr\u00e3o, Breno, Nego Day, Jionez, Tonho do Bicho, Djone e o pastor Gilbertinho, que juntos representam o legislativo municipal.<\/h3>\n<h3 style=\"text-align: justify\">Durante a programa\u00e7\u00e3o, os representantes de Itacar\u00e9 participam de debates, pain\u00e9is e encontros voltados ao desenvolvimento dos munic\u00edpios brasileiros, com foco na melhoria da gest\u00e3o p\u00fablica, no fortalecimento das pol\u00edticas p\u00fablicas e na amplia\u00e7\u00e3o do di\u00e1logo entre os entes federativos.<\/h3>\n<h3 style=\"text-align: justify\">Al\u00e9m da participa\u00e7\u00e3o na Marcha, a comitiva tamb\u00e9m cumpre uma intensa agenda institucional em Bras\u00edlia, com visitas \u00e0 C\u00e2mara dos Deputados, ao Senado Federal e em minist\u00e9rios do Governo Federal. Os encontros t\u00eam como objetivo a articula\u00e7\u00e3o de demandas priorit\u00e1rias para Itacar\u00e9, buscando recursos e apoio para \u00e1reas estrat\u00e9gicas como infraestrutura, sa\u00fade e turismo.<\/h3>\n<h3 style=\"text-align: justify\">Representando o prefeito Nego de Saronga, o vice-prefeito professor Z\u00e9 destacou a import\u00e2ncia da presen\u00e7a do munic\u00edpio no evento. \u201cEstamos aqui em Bras\u00edlia representando o nosso prefeito Nego de Saronga, reafirmando o compromisso da gest\u00e3o com o desenvolvimento de Itacar\u00e9. Quero tamb\u00e9m parabenizar a C\u00e2mara de Vereadores pela participa\u00e7\u00e3o ativa neste Congresso, mostrando uni\u00e3o e responsabilidade na defesa dos interesses da nossa popula\u00e7\u00e3o\u201d, afirmou.<\/h3>\n<h3 style=\"text-align: justify\">A participa\u00e7\u00e3o conjunta entre o Executivo e o Legislativo evidencia a uni\u00e3o institucional em prol do munic\u00edpio, fortalecendo a constru\u00e7\u00e3o de pol\u00edticas p\u00fablicas e ampliando as oportunidades de investimentos. A presen\u00e7a de Itacar\u00e9 na Marcha da UVB refor\u00e7a o protagonismo da cidade no cen\u00e1rio nacional e o compromisso das lideran\u00e7as locais com o progresso e o bem-estar da popula\u00e7\u00e3o.<\/h3>\n","protected":false},"excerpt":{"rendered":"<p>Itacar\u00e9 est\u00e1 representada em Bras\u00edlia na Marcha da UVB (Uni\u00e3o dos Vereadores do Brasil), que acontece entre esta segunda-feira (27) e quinta-feira (30), reunindo lideran\u00e7as de todo o pa\u00eds em defesa do fortalecimento dos gestores e legislativo municipal. A comitiva do munic\u00edpio \u00e9 formada por oito vereadores, pelo secret\u00e1rio Albert Queiroz e pelo vice-prefeito Jos\u00e9 [&hellip;]<\/p>\n","protected":false},"author":992,"featured_media":197635,"comment_status":"open","ping_status":"closed","sticky":false,"template":"","format":"standard","meta":{"footnotes":"","_links_to":"","_links_to_target":""},"categories":[3],"tags":[],"class_list":["post-197634","post","type-post","status-publish","format-standard","has-post-thumbnail","hentry","category-cidades"],"views":57,"_links":{"self":[{"href":"https:\/\/www.politicosdosuldabahia.com.br\/v1\/wp-json\/wp\/v2\/posts\/197634"}],"collection":[{"href":"https:\/\/www.politicosdosuldabahia.com.br\/v1\/wp-json\/wp\/v2\/posts"}],"about":[{"href":"https:\/\/www.politicosdosuldabahia.com.br\/v1\/wp-json\/wp\/v2\/types\/post"}],"author":[{"embeddable":true,"href":"https:\/\/www.politicosdosuldabahia.com.br\/v1\/wp-json\/wp\/v2\/users\/992"}],"replies":[{"embeddable":true,"href":"https:\/\/www.politicosdosuldabahia.com.br\/v1\/wp-json\/wp\/v2\/comments?post=197634"}],"version-history":[{"count":1,"href":"https:\/\/www.politicosdosuldabahia.com.br\/v1\/wp-json\/wp\/v2\/posts\/197634\/revisions"}],"predecessor-version":[{"id":197636,"href":"https:\/\/www.politicosdosuldabahia.com.br\/v1\/wp-json\/wp\/v2\/posts\/197634\/revisions\/197636"}],"wp:featuredmedia":[{"embeddable":true,"href":"https:\/\/www.politicosdosuldabahia.com.br\/v1\/wp-json\/wp\/v2\/media\/197635"}],"wp:attachment":[{"href":"https:\/\/www.politicosdosuldabahia.com.br\/v1\/wp-json\/wp\/v2\/media?parent=197634"}],"wp:term":[{"taxonomy":"category","embeddable":true,"href":"https:\/\/www.politicosdosuldabahia.com.br\/v1\/wp-json\/wp\/v2\/categories?post=197634"},{"taxonomy":"post_tag","embeddable":true,"href":"https:\/\/www.politicosdosuldabahia.com.br\/v1\/wp-json\/wp\/v2\/tags?post=197634"}],"curies":[{"name":"wp","href":"https:\/\/api.w.org\/{rel}","templated":true}]}}