
{"id":197632,"date":"2026-04-27T16:02:08","date_gmt":"2026-04-27T19:02:08","guid":{"rendered":"https:\/\/www.politicosdosuldabahia.com.br\/v1\/?p=197632"},"modified":"2026-04-27T16:02:08","modified_gmt":"2026-04-27T19:02:08","slug":"bahia-jeronimo-amplia-base-e-impoe-pressao-sobre-oposicao","status":"publish","type":"post","link":"https:\/\/www.politicosdosuldabahia.com.br\/v1\/2026\/04\/27\/bahia-jeronimo-amplia-base-e-impoe-pressao-sobre-oposicao\/","title":{"rendered":"BAHIA: JER\u00d4NIMO AMPLIA BASE E IMP\u00d5E PRESS\u00c3O SOBRE OPOSI\u00c7\u00c3O"},"content":{"rendered":"<p><img loading=\"lazy\" decoding=\"async\" class=\"alignnone size-full wp-image-197627\" src=\"http:\/\/www.politicosdosuldabahia.com.br\/v1\/wp-content\/uploads\/2026\/04\/WhatsApp-Image-2026-04-27-at-09.09.58.jpeg\" alt=\"\" width=\"455\" height=\"255\" srcset=\"https:\/\/www.politicosdosuldabahia.com.br\/v1\/wp-content\/uploads\/2026\/04\/WhatsApp-Image-2026-04-27-at-09.09.58.jpeg 455w, https:\/\/www.politicosdosuldabahia.com.br\/v1\/wp-content\/uploads\/2026\/04\/WhatsApp-Image-2026-04-27-at-09.09.58-300x168.jpeg 300w\" sizes=\"(max-width: 455px) 100vw, 455px\" \/><\/p>\n<h3 style=\"text-align: justify;\">O governador Jer\u00f4nimo Rodrigues (PT) acelerou o trator pol\u00edtico e rompeu, na semana passada, a marca de 350 prefeitos em sua base.<\/h3>\n<h3 style=\"text-align: justify;\">O petista tem transformado o Pal\u00e1cio de Ondina em balc\u00e3o de articula\u00e7\u00e3o de alta efici\u00eancia, atraindo gestores que, at\u00e9 outro dia, estavam em campos advers\u00e1rios.<\/h3>\n<h3 style=\"text-align: justify;\">Entre os novos movimentos, chamou aten\u00e7\u00e3o o alinhamento com Daiane dos Anjos (PSD), prefeita de Itatim, e o afago p\u00fablico a Marcos Paulo (PSD), de Piat\u00e3.<\/h3>\n<h3 style=\"text-align: justify;\">Mas o gesto que mais incomodou a oposi\u00e7\u00e3o foi o aperto de m\u00e3o com Ednaldo Ribeiro (Republicanos), prefeito de Cruz das Almas e bolsonarista assumido.<\/p>\n<p>A leitura nos bastidores \u00e9 simples: Jer\u00f4nimo decidiu jogar pesado no tabuleiro municipal. E, por enquanto, a oposi\u00e7\u00e3o assiste ao avan\u00e7o tentando entender como segurar o rolo compressor.<\/h3>\n","protected":false},"excerpt":{"rendered":"<p>O governador Jer\u00f4nimo Rodrigues (PT) acelerou o trator pol\u00edtico e rompeu, na semana passada, a marca de 350 prefeitos em sua base. O petista tem transformado o Pal\u00e1cio de Ondina em balc\u00e3o de articula\u00e7\u00e3o de alta efici\u00eancia, atraindo gestores que, at\u00e9 outro dia, estavam em campos advers\u00e1rios. Entre os novos movimentos, chamou aten\u00e7\u00e3o o alinhamento [&hellip;]<\/p>\n","protected":false},"author":2,"featured_media":197627,"comment_status":"open","ping_status":"closed","sticky":false,"template":"","format":"standard","meta":{"footnotes":"","_links_to":"","_links_to_target":""},"categories":[1],"tags":[],"class_list":["post-197632","post","type-post","status-publish","format-standard","has-post-thumbnail","hentry","category-geral"],"views":99,"_links":{"self":[{"href":"https:\/\/www.politicosdosuldabahia.com.br\/v1\/wp-json\/wp\/v2\/posts\/197632"}],"collection":[{"href":"https:\/\/www.politicosdosuldabahia.com.br\/v1\/wp-json\/wp\/v2\/posts"}],"about":[{"href":"https:\/\/www.politicosdosuldabahia.com.br\/v1\/wp-json\/wp\/v2\/types\/post"}],"author":[{"embeddable":true,"href":"https:\/\/www.politicosdosuldabahia.com.br\/v1\/wp-json\/wp\/v2\/users\/2"}],"replies":[{"embeddable":true,"href":"https:\/\/www.politicosdosuldabahia.com.br\/v1\/wp-json\/wp\/v2\/comments?post=197632"}],"version-history":[{"count":1,"href":"https:\/\/www.politicosdosuldabahia.com.br\/v1\/wp-json\/wp\/v2\/posts\/197632\/revisions"}],"predecessor-version":[{"id":197633,"href":"https:\/\/www.politicosdosuldabahia.com.br\/v1\/wp-json\/wp\/v2\/posts\/197632\/revisions\/197633"}],"wp:featuredmedia":[{"embeddable":true,"href":"https:\/\/www.politicosdosuldabahia.com.br\/v1\/wp-json\/wp\/v2\/media\/197627"}],"wp:attachment":[{"href":"https:\/\/www.politicosdosuldabahia.com.br\/v1\/wp-json\/wp\/v2\/media?parent=197632"}],"wp:term":[{"taxonomy":"category","embeddable":true,"href":"https:\/\/www.politicosdosuldabahia.com.br\/v1\/wp-json\/wp\/v2\/categories?post=197632"},{"taxonomy":"post_tag","embeddable":true,"href":"https:\/\/www.politicosdosuldabahia.com.br\/v1\/wp-json\/wp\/v2\/tags?post=197632"}],"curies":[{"name":"wp","href":"https:\/\/api.w.org\/{rel}","templated":true}]}}