
{"id":197629,"date":"2026-04-27T15:56:18","date_gmt":"2026-04-27T18:56:18","guid":{"rendered":"https:\/\/www.politicosdosuldabahia.com.br\/v1\/?p=197629"},"modified":"2026-04-27T15:56:18","modified_gmt":"2026-04-27T18:56:18","slug":"gongogi-prefeito-entra-na-mira-do-mp-por-suspeita-de-improbidade","status":"publish","type":"post","link":"https:\/\/www.politicosdosuldabahia.com.br\/v1\/2026\/04\/27\/gongogi-prefeito-entra-na-mira-do-mp-por-suspeita-de-improbidade\/","title":{"rendered":"GONGOGI :PREFEITO ENTRA NA MIRA DO MP POR SUSPEITA DE IMPROBIDADE"},"content":{"rendered":"<p><img loading=\"lazy\" decoding=\"async\" class=\"alignnone size-full wp-image-197630\" src=\"http:\/\/www.politicosdosuldabahia.com.br\/v1\/wp-content\/uploads\/2026\/04\/adrianooo.jpg\" alt=\"\" width=\"450\" height=\"675\" srcset=\"https:\/\/www.politicosdosuldabahia.com.br\/v1\/wp-content\/uploads\/2026\/04\/adrianooo.jpg 450w, https:\/\/www.politicosdosuldabahia.com.br\/v1\/wp-content\/uploads\/2026\/04\/adrianooo-200x300.jpg 200w\" sizes=\"(max-width: 450px) 100vw, 450px\" \/><\/p>\n<h3 style=\"text-align: justify;\">O prefeito de Gongogi, Adriano Mendon\u00e7a (Avante), entrou na mira do Minist\u00e9rio P\u00fablico da Bahia.<br \/>\nA Promotoria de Justi\u00e7a de Ubaitaba instaurou dois inqu\u00e9ritos civis para apurar poss\u00edveis irregularidades na gest\u00e3o municipal. O foco \u00e9 improbidade administrativa.<\/h3>\n<h3 style=\"text-align: justify;\">Em uma das frentes, o MP investiga den\u00fancias de que o hospital municipal teria sido transformado em uma esp\u00e9cie de \u201ccabide\u201d para servidores em situa\u00e7\u00e3o irregular.<\/h3>\n<h3 style=\"text-align: justify;\">Na outra, a apura\u00e7\u00e3o mira falhas graves em contratos administrativos, incluindo a aus\u00eancia de pagamento por servi\u00e7os prestados. A Promotoria quer saber por que compromissos assumidos pela prefeitura n\u00e3o foram honrados e qual foi o destino dos recursos p\u00fablicos envolvidos.<\/h3>\n<h3 style=\"text-align: justify;\">Nos bastidores, o clima \u00e9 de preocupa\u00e7\u00e3o. Dois inqu\u00e9ritos civis abertos ao mesmo tempo n\u00e3o significam condena\u00e7\u00e3o, mas mostram que o Minist\u00e9rio P\u00fablico decidiu passar o pente fino na gest\u00e3o de Adriano.<\/p>\n<p>A coisa \u00e9 s\u00e9ria.<\/h3>\n","protected":false},"excerpt":{"rendered":"<p>O prefeito de Gongogi, Adriano Mendon\u00e7a (Avante), entrou na mira do Minist\u00e9rio P\u00fablico da Bahia. A Promotoria de Justi\u00e7a de Ubaitaba instaurou dois inqu\u00e9ritos civis para apurar poss\u00edveis irregularidades na gest\u00e3o municipal. O foco \u00e9 improbidade administrativa. Em uma das frentes, o MP investiga den\u00fancias de que o hospital municipal teria sido transformado em uma [&hellip;]<\/p>\n","protected":false},"author":2,"featured_media":197630,"comment_status":"open","ping_status":"closed","sticky":false,"template":"","format":"standard","meta":{"footnotes":"","_links_to":"","_links_to_target":""},"categories":[1],"tags":[],"class_list":["post-197629","post","type-post","status-publish","format-standard","has-post-thumbnail","hentry","category-geral"],"views":75,"_links":{"self":[{"href":"https:\/\/www.politicosdosuldabahia.com.br\/v1\/wp-json\/wp\/v2\/posts\/197629"}],"collection":[{"href":"https:\/\/www.politicosdosuldabahia.com.br\/v1\/wp-json\/wp\/v2\/posts"}],"about":[{"href":"https:\/\/www.politicosdosuldabahia.com.br\/v1\/wp-json\/wp\/v2\/types\/post"}],"author":[{"embeddable":true,"href":"https:\/\/www.politicosdosuldabahia.com.br\/v1\/wp-json\/wp\/v2\/users\/2"}],"replies":[{"embeddable":true,"href":"https:\/\/www.politicosdosuldabahia.com.br\/v1\/wp-json\/wp\/v2\/comments?post=197629"}],"version-history":[{"count":1,"href":"https:\/\/www.politicosdosuldabahia.com.br\/v1\/wp-json\/wp\/v2\/posts\/197629\/revisions"}],"predecessor-version":[{"id":197631,"href":"https:\/\/www.politicosdosuldabahia.com.br\/v1\/wp-json\/wp\/v2\/posts\/197629\/revisions\/197631"}],"wp:featuredmedia":[{"embeddable":true,"href":"https:\/\/www.politicosdosuldabahia.com.br\/v1\/wp-json\/wp\/v2\/media\/197630"}],"wp:attachment":[{"href":"https:\/\/www.politicosdosuldabahia.com.br\/v1\/wp-json\/wp\/v2\/media?parent=197629"}],"wp:term":[{"taxonomy":"category","embeddable":true,"href":"https:\/\/www.politicosdosuldabahia.com.br\/v1\/wp-json\/wp\/v2\/categories?post=197629"},{"taxonomy":"post_tag","embeddable":true,"href":"https:\/\/www.politicosdosuldabahia.com.br\/v1\/wp-json\/wp\/v2\/tags?post=197629"}],"curies":[{"name":"wp","href":"https:\/\/api.w.org\/{rel}","templated":true}]}}