
{"id":197626,"date":"2026-04-27T13:26:20","date_gmt":"2026-04-27T16:26:20","guid":{"rendered":"https:\/\/www.politicosdosuldabahia.com.br\/v1\/?p=197626"},"modified":"2026-04-27T13:26:20","modified_gmt":"2026-04-27T16:26:20","slug":"lucas-reis-acompanha-jeronimo-em-entregas-em-mascote-e-destaca-contraste-entre-modelos-de-gestao-na-bahia","status":"publish","type":"post","link":"https:\/\/www.politicosdosuldabahia.com.br\/v1\/2026\/04\/27\/lucas-reis-acompanha-jeronimo-em-entregas-em-mascote-e-destaca-contraste-entre-modelos-de-gestao-na-bahia\/","title":{"rendered":"LUCAS REIS ACOMPANHA JER\u00d4NIMO EM ENTREGAS EM MASCOTE E DESTACA CONTRASTE ENTRE MODELOS DE GEST\u00c3O NA BAHIA"},"content":{"rendered":"<p><img loading=\"lazy\" decoding=\"async\" class=\"aligncenter wp-image-197627 size-full\" src=\"http:\/\/www.politicosdosuldabahia.com.br\/v1\/wp-content\/uploads\/2026\/04\/WhatsApp-Image-2026-04-27-at-09.09.58.jpeg\" alt=\"\" width=\"455\" height=\"255\" srcset=\"https:\/\/www.politicosdosuldabahia.com.br\/v1\/wp-content\/uploads\/2026\/04\/WhatsApp-Image-2026-04-27-at-09.09.58.jpeg 455w, https:\/\/www.politicosdosuldabahia.com.br\/v1\/wp-content\/uploads\/2026\/04\/WhatsApp-Image-2026-04-27-at-09.09.58-300x168.jpeg 300w\" sizes=\"(max-width: 455px) 100vw, 455px\" \/><\/p>\n<h4 style=\"text-align: center\"><strong><em>Pr\u00e9-candidato a deputado federal participou de agenda de entregas na educa\u00e7\u00e3o, sa\u00fade e infraestrutura do munic\u00edpio<\/em><\/strong><\/h4>\n<h3 style=\"text-align: justify\">O chefe de gabinete do senador Jaques Wagner e pr\u00e9-candidato a deputado federal, Lucas Reis, participou no s\u00e1bado (25), no munic\u00edpio de Mascote, de uma s\u00e9rie de entregas feitas pelo governador Jer\u00f4nimo Rodrigues, ao lado do prefeito Ti\u00e3o Moreira. A agenda foi marcada pela inaugura\u00e7\u00e3o do Col\u00e9gio Estadual de Tempo Integral Professora Marilena Sena Loureiro, al\u00e9m da entrega de equipamentos e an\u00fancio de novas a\u00e7\u00f5es.<\/h3>\n<h3 style=\"text-align: justify\">\u201cVindo pra Mascote, abri o notici\u00e1rio e percebemos o contraste dos grupos pol\u00edticos na Bahia. Enquanto o governador Jer\u00f4nimo vem aqui e entrega um equipamento dessa grandeza, o prefeito de Salvador e seu grupo pol\u00edtico est\u00e3o fazendo lamban\u00e7a com o dinheiro p\u00fablico com o Programa P\u00e9 na Escola. O Minist\u00e9rio P\u00fablico suspendeu o programa. Eles ainda v\u00eam com roupinha nova dizendo que v\u00e3o mudar a Bahia. Quem muda a Bahia \u00e9 esse grupo, liderado pelo governador Jer\u00f4nimo em parceria com o presidente Lula\u201d, afirmou Lucas.<\/h3>\n<h3 style=\"text-align: justify\">A unidade escolar entregue conta com 10 salas de aula, laborat\u00f3rios, biblioteca, teatro, restaurante estudantil com capacidade para 200 alunos, quadra poliesportiva coberta e campo society. Com capacidade para atender 452 estudantes, a escola amplia a oferta de ensino integral no interior do estado, fortalecendo a perman\u00eancia e o desempenho educacional.<\/h3>\n<h3 style=\"text-align: justify\">Al\u00e9m da educa\u00e7\u00e3o, a agenda contemplou a entrega de duas ambul\u00e2ncias e um ve\u00edculo administrativo para a \u00e1rea da sa\u00fade, um trator para fortalecimento da agricultura familiar e a implanta\u00e7\u00e3o do programa Conecta Bahia, ampliando o acesso \u00e0 internet no munic\u00edpio. Durante a visita, o governador tamb\u00e9m autorizou novas interven\u00e7\u00f5es que devem beneficiar diretamente a popula\u00e7\u00e3o de Mascote.<\/h3>\n<h3 style=\"text-align: justify\">Na avalia\u00e7\u00e3o de Lucas Reis, a agenda refor\u00e7a a presen\u00e7a do Estado no interior e o compromisso com pol\u00edticas p\u00fablicas que transformam a vida das pessoas. Para ele, a\u00e7\u00f5es como essas demonstram um modelo de gest\u00e3o baseado em trabalho, parceria e resultados concretos para a popula\u00e7\u00e3o baiana.<\/h3>\n","protected":false},"excerpt":{"rendered":"<p>Pr\u00e9-candidato a deputado federal participou de agenda de entregas na educa\u00e7\u00e3o, sa\u00fade e infraestrutura do munic\u00edpio O chefe de gabinete do senador Jaques Wagner e pr\u00e9-candidato a deputado federal, Lucas Reis, participou no s\u00e1bado (25), no munic\u00edpio de Mascote, de uma s\u00e9rie de entregas feitas pelo governador Jer\u00f4nimo Rodrigues, ao lado do prefeito Ti\u00e3o Moreira. [&hellip;]<\/p>\n","protected":false},"author":992,"featured_media":197627,"comment_status":"open","ping_status":"closed","sticky":false,"template":"","format":"standard","meta":{"footnotes":"","_links_to":"","_links_to_target":""},"categories":[14,4],"tags":[],"class_list":["post-197626","post","type-post","status-publish","format-standard","has-post-thumbnail","hentry","category-bahia-geral","category-politica"],"views":68,"_links":{"self":[{"href":"https:\/\/www.politicosdosuldabahia.com.br\/v1\/wp-json\/wp\/v2\/posts\/197626"}],"collection":[{"href":"https:\/\/www.politicosdosuldabahia.com.br\/v1\/wp-json\/wp\/v2\/posts"}],"about":[{"href":"https:\/\/www.politicosdosuldabahia.com.br\/v1\/wp-json\/wp\/v2\/types\/post"}],"author":[{"embeddable":true,"href":"https:\/\/www.politicosdosuldabahia.com.br\/v1\/wp-json\/wp\/v2\/users\/992"}],"replies":[{"embeddable":true,"href":"https:\/\/www.politicosdosuldabahia.com.br\/v1\/wp-json\/wp\/v2\/comments?post=197626"}],"version-history":[{"count":1,"href":"https:\/\/www.politicosdosuldabahia.com.br\/v1\/wp-json\/wp\/v2\/posts\/197626\/revisions"}],"predecessor-version":[{"id":197628,"href":"https:\/\/www.politicosdosuldabahia.com.br\/v1\/wp-json\/wp\/v2\/posts\/197626\/revisions\/197628"}],"wp:featuredmedia":[{"embeddable":true,"href":"https:\/\/www.politicosdosuldabahia.com.br\/v1\/wp-json\/wp\/v2\/media\/197627"}],"wp:attachment":[{"href":"https:\/\/www.politicosdosuldabahia.com.br\/v1\/wp-json\/wp\/v2\/media?parent=197626"}],"wp:term":[{"taxonomy":"category","embeddable":true,"href":"https:\/\/www.politicosdosuldabahia.com.br\/v1\/wp-json\/wp\/v2\/categories?post=197626"},{"taxonomy":"post_tag","embeddable":true,"href":"https:\/\/www.politicosdosuldabahia.com.br\/v1\/wp-json\/wp\/v2\/tags?post=197626"}],"curies":[{"name":"wp","href":"https:\/\/api.w.org\/{rel}","templated":true}]}}