
{"id":197623,"date":"2026-04-27T13:21:56","date_gmt":"2026-04-27T16:21:56","guid":{"rendered":"https:\/\/www.politicosdosuldabahia.com.br\/v1\/?p=197623"},"modified":"2026-04-27T13:21:56","modified_gmt":"2026-04-27T16:21:56","slug":"porto-seguro-cirurgias-bariatricas-impulsionam-marco-historico-com-mais-de-30-procedimentos-em-dois-dias","status":"publish","type":"post","link":"https:\/\/www.politicosdosuldabahia.com.br\/v1\/2026\/04\/27\/porto-seguro-cirurgias-bariatricas-impulsionam-marco-historico-com-mais-de-30-procedimentos-em-dois-dias\/","title":{"rendered":"PORTO SEGURO: CIRURGIAS BARI\u00c1TRICAS IMPULSIONAM MARCO HIST\u00d3RICO COM MAIS DE 30 PROCEDIMENTOS EM DOIS DIAS"},"content":{"rendered":"<h3><img loading=\"lazy\" decoding=\"async\" class=\"aligncenter wp-image-197624\" src=\"http:\/\/www.politicosdosuldabahia.com.br\/v1\/wp-content\/uploads\/2026\/04\/WhatsApp-Image-2026-04-27-at-10.08.12-1.jpeg\" alt=\"\" width=\"310\" height=\"455\" srcset=\"https:\/\/www.politicosdosuldabahia.com.br\/v1\/wp-content\/uploads\/2026\/04\/WhatsApp-Image-2026-04-27-at-10.08.12-1.jpeg 804w, https:\/\/www.politicosdosuldabahia.com.br\/v1\/wp-content\/uploads\/2026\/04\/WhatsApp-Image-2026-04-27-at-10.08.12-1-204x300.jpeg 204w, https:\/\/www.politicosdosuldabahia.com.br\/v1\/wp-content\/uploads\/2026\/04\/WhatsApp-Image-2026-04-27-at-10.08.12-1-698x1024.jpeg 698w, https:\/\/www.politicosdosuldabahia.com.br\/v1\/wp-content\/uploads\/2026\/04\/WhatsApp-Image-2026-04-27-at-10.08.12-1-768x1127.jpeg 768w\" sizes=\"(max-width: 310px) 100vw, 310px\" \/><\/h3>\n<h3 style=\"text-align: justify\">Em apenas dois dias, a Prefeitura de Porto Seguro realizou mais de 30 procedimentos cir\u00fargicos, em uma a\u00e7\u00e3o que representa um marco na oferta de sa\u00fade p\u00fablica do munic\u00edpio. A iniciativa, coordenada pela Secretaria Municipal de Sa\u00fade, aconteceu nos dias 24 e 25 de abril e contemplou cirurgias bari\u00e1tricas, al\u00e9m de atendimentos e procedimentos nas \u00e1reas de otorrinolaringologia e fonoaudiologia.<\/h3>\n<h3 style=\"text-align: justify\">As cirurgias bari\u00e1tricas foram realizadas no Hospital Municipal de Cirurgias Eletivas do Arraial d\u2019Ajuda. J\u00e1 os procedimentos de otorrinolaringologia, como adenoidectomia e amigdalectomia, aconteceram no Hospital Neuroccor, ampliando o acesso da popula\u00e7\u00e3o a servi\u00e7os especializados.<\/h3>\n<h3 style=\"text-align: justify\">Ao todo, mais de 30 pacientes foram diretamente beneficiados, em uma a\u00e7\u00e3o que contribui para a redu\u00e7\u00e3o da fila de espera e garante mais qualidade de vida para os moradores.<\/h3>\n<h3 style=\"text-align: justify\">O prefeito J\u00e2nio Natal destacou a iniciativa e o compromisso da gest\u00e3o municipal com o fortalecimento da sa\u00fade p\u00fablica. \u201cEstamos realizando procedimentos que nunca tinham sido feitos dessa forma em Porto Seguro, com recursos pr\u00f3prios. Isso mostra o nosso compromisso em cuidar das pessoas e ampliar o acesso a servi\u00e7os de qualidade. Seguiremos avan\u00e7ando para garantir mais dignidade e bem-estar \u00e0 nossa popula\u00e7\u00e3o\u201d, afirmou.<\/h3>\n<h3 style=\"text-align: justify\">O secret\u00e1rio da Sa\u00fade, Renato Antunes, foi enf\u00e1tico: \u201cIsso \u00e9 o resultado da responsabilidade com os recursos que o cidad\u00e3o paga. Aqui, seu imposto volta como oferta de sa\u00fade\u201d, afirmou.<\/h3>\n","protected":false},"excerpt":{"rendered":"<p>Em apenas dois dias, a Prefeitura de Porto Seguro realizou mais de 30 procedimentos cir\u00fargicos, em uma a\u00e7\u00e3o que representa um marco na oferta de sa\u00fade p\u00fablica do munic\u00edpio. A iniciativa, coordenada pela Secretaria Municipal de Sa\u00fade, aconteceu nos dias 24 e 25 de abril e contemplou cirurgias bari\u00e1tricas, al\u00e9m de atendimentos e procedimentos nas [&hellip;]<\/p>\n","protected":false},"author":992,"featured_media":197624,"comment_status":"open","ping_status":"closed","sticky":false,"template":"","format":"standard","meta":{"footnotes":"","_links_to":"","_links_to_target":""},"categories":[3],"tags":[],"class_list":["post-197623","post","type-post","status-publish","format-standard","has-post-thumbnail","hentry","category-cidades"],"views":63,"_links":{"self":[{"href":"https:\/\/www.politicosdosuldabahia.com.br\/v1\/wp-json\/wp\/v2\/posts\/197623"}],"collection":[{"href":"https:\/\/www.politicosdosuldabahia.com.br\/v1\/wp-json\/wp\/v2\/posts"}],"about":[{"href":"https:\/\/www.politicosdosuldabahia.com.br\/v1\/wp-json\/wp\/v2\/types\/post"}],"author":[{"embeddable":true,"href":"https:\/\/www.politicosdosuldabahia.com.br\/v1\/wp-json\/wp\/v2\/users\/992"}],"replies":[{"embeddable":true,"href":"https:\/\/www.politicosdosuldabahia.com.br\/v1\/wp-json\/wp\/v2\/comments?post=197623"}],"version-history":[{"count":1,"href":"https:\/\/www.politicosdosuldabahia.com.br\/v1\/wp-json\/wp\/v2\/posts\/197623\/revisions"}],"predecessor-version":[{"id":197625,"href":"https:\/\/www.politicosdosuldabahia.com.br\/v1\/wp-json\/wp\/v2\/posts\/197623\/revisions\/197625"}],"wp:featuredmedia":[{"embeddable":true,"href":"https:\/\/www.politicosdosuldabahia.com.br\/v1\/wp-json\/wp\/v2\/media\/197624"}],"wp:attachment":[{"href":"https:\/\/www.politicosdosuldabahia.com.br\/v1\/wp-json\/wp\/v2\/media?parent=197623"}],"wp:term":[{"taxonomy":"category","embeddable":true,"href":"https:\/\/www.politicosdosuldabahia.com.br\/v1\/wp-json\/wp\/v2\/categories?post=197623"},{"taxonomy":"post_tag","embeddable":true,"href":"https:\/\/www.politicosdosuldabahia.com.br\/v1\/wp-json\/wp\/v2\/tags?post=197623"}],"curies":[{"name":"wp","href":"https:\/\/api.w.org\/{rel}","templated":true}]}}