
{"id":197604,"date":"2026-04-25T17:44:27","date_gmt":"2026-04-25T20:44:27","guid":{"rendered":"https:\/\/www.politicosdosuldabahia.com.br\/v1\/?p=197604"},"modified":"2026-04-25T17:44:27","modified_gmt":"2026-04-25T20:44:27","slug":"ilheus-prefeitura-utilizou-apenas-40-das-vagas-ofertadas-na-policlinica-regional","status":"publish","type":"post","link":"https:\/\/www.politicosdosuldabahia.com.br\/v1\/2026\/04\/25\/ilheus-prefeitura-utilizou-apenas-40-das-vagas-ofertadas-na-policlinica-regional\/","title":{"rendered":"ILH\u00c9US:\u00a0PREFEITURA UTILIZOU APENAS 40% DAS VAGAS OFERTADAS NA POLICL\u00cdNICA REGIONAL"},"content":{"rendered":"<p>&nbsp;<\/p>\n<p><img loading=\"lazy\" decoding=\"async\" class=\"aligncenter wp-image-197605\" src=\"http:\/\/www.politicosdosuldabahia.com.br\/v1\/wp-content\/uploads\/2026\/04\/Policlinica-inaugurada-em-Ilheus-atende-moradores-0124264400202312121424.jpg\" alt=\"\" width=\"455\" height=\"260\" srcset=\"https:\/\/www.politicosdosuldabahia.com.br\/v1\/wp-content\/uploads\/2026\/04\/Policlinica-inaugurada-em-Ilheus-atende-moradores-0124264400202312121424.jpg 800w, https:\/\/www.politicosdosuldabahia.com.br\/v1\/wp-content\/uploads\/2026\/04\/Policlinica-inaugurada-em-Ilheus-atende-moradores-0124264400202312121424-300x172.jpg 300w, https:\/\/www.politicosdosuldabahia.com.br\/v1\/wp-content\/uploads\/2026\/04\/Policlinica-inaugurada-em-Ilheus-atende-moradores-0124264400202312121424-768x440.jpg 768w\" sizes=\"(max-width: 455px) 100vw, 455px\" \/><\/p>\n<h3 style=\"text-align: justify\">A Prefeitura de Ilh\u00e9us utilizou apenas 40% das vagas disponibilizadas para o munic\u00edpio na Policl\u00ednica Regional de Sa\u00fade. Das 78.714 vagas ofertadas para consultas com especialistas e exames de m\u00e9dia e alta complexidade, apenas 31.605 foram efetivamente ocupadas pelo munic\u00edpio. Outras 47.109 vagas ficaram \u00e0 disposi\u00e7\u00e3o da popula\u00e7\u00e3o, mas n\u00e3o foram aproveitadas pela gest\u00e3o municipal.<\/h3>\n<h3 style=\"text-align: justify\">Os dados refor\u00e7am que a dificuldade de acesso da popula\u00e7\u00e3o de Ilh\u00e9us a consultas especializadas e exames n\u00e3o pode ser atribu\u00edda \u00e0 aus\u00eancia de oferta por parte da rede estadual. Ao contr\u00e1rio, a estrutura regional esteve dispon\u00edvel, com capacidade concreta de atendimento, mas parte expressiva das vagas ofertadas deixou de ser utilizada pelo pr\u00f3prio munic\u00edpio.<\/h3>\n<h3 style=\"text-align: justify\">A Secretaria da Sa\u00fade do Estado da Bahia (Sesab) ressalta que a Policl\u00ednica Regional de Sa\u00fade \u00e9 um equipamento estrat\u00e9gico para ampliar o acesso da popula\u00e7\u00e3o a consultas especializadas, exames de m\u00e9dia e alta complexidade e pequenos procedimentos cir\u00fargicos.<\/h3>\n<h3 style=\"text-align: justify\">Al\u00e9m da subutiliza\u00e7\u00e3o das vagas ofertadas, Ilh\u00e9us possui pend\u00eancias financeiras com a Policl\u00ednica Regional de Sa\u00fade que somam R$ 1.853.892,70. Mesmo diante dessa inadimpl\u00eancia, os residentes de Ilh\u00e9us seguem sendo atendidos regularmente, sem bloqueio de acesso e sem interrup\u00e7\u00e3o do cuidado.<\/h3>\n","protected":false},"excerpt":{"rendered":"<p>&nbsp; A Prefeitura de Ilh\u00e9us utilizou apenas 40% das vagas disponibilizadas para o munic\u00edpio na Policl\u00ednica Regional de Sa\u00fade. Das 78.714 vagas ofertadas para consultas com especialistas e exames de m\u00e9dia e alta complexidade, apenas 31.605 foram efetivamente ocupadas pelo munic\u00edpio. Outras 47.109 vagas ficaram \u00e0 disposi\u00e7\u00e3o da popula\u00e7\u00e3o, mas n\u00e3o foram aproveitadas pela gest\u00e3o [&hellip;]<\/p>\n","protected":false},"author":992,"featured_media":197605,"comment_status":"open","ping_status":"closed","sticky":false,"template":"","format":"standard","meta":{"footnotes":"","_links_to":"","_links_to_target":""},"categories":[3],"tags":[],"class_list":["post-197604","post","type-post","status-publish","format-standard","has-post-thumbnail","hentry","category-cidades"],"views":65,"_links":{"self":[{"href":"https:\/\/www.politicosdosuldabahia.com.br\/v1\/wp-json\/wp\/v2\/posts\/197604"}],"collection":[{"href":"https:\/\/www.politicosdosuldabahia.com.br\/v1\/wp-json\/wp\/v2\/posts"}],"about":[{"href":"https:\/\/www.politicosdosuldabahia.com.br\/v1\/wp-json\/wp\/v2\/types\/post"}],"author":[{"embeddable":true,"href":"https:\/\/www.politicosdosuldabahia.com.br\/v1\/wp-json\/wp\/v2\/users\/992"}],"replies":[{"embeddable":true,"href":"https:\/\/www.politicosdosuldabahia.com.br\/v1\/wp-json\/wp\/v2\/comments?post=197604"}],"version-history":[{"count":1,"href":"https:\/\/www.politicosdosuldabahia.com.br\/v1\/wp-json\/wp\/v2\/posts\/197604\/revisions"}],"predecessor-version":[{"id":197606,"href":"https:\/\/www.politicosdosuldabahia.com.br\/v1\/wp-json\/wp\/v2\/posts\/197604\/revisions\/197606"}],"wp:featuredmedia":[{"embeddable":true,"href":"https:\/\/www.politicosdosuldabahia.com.br\/v1\/wp-json\/wp\/v2\/media\/197605"}],"wp:attachment":[{"href":"https:\/\/www.politicosdosuldabahia.com.br\/v1\/wp-json\/wp\/v2\/media?parent=197604"}],"wp:term":[{"taxonomy":"category","embeddable":true,"href":"https:\/\/www.politicosdosuldabahia.com.br\/v1\/wp-json\/wp\/v2\/categories?post=197604"},{"taxonomy":"post_tag","embeddable":true,"href":"https:\/\/www.politicosdosuldabahia.com.br\/v1\/wp-json\/wp\/v2\/tags?post=197604"}],"curies":[{"name":"wp","href":"https:\/\/api.w.org\/{rel}","templated":true}]}}