
{"id":197593,"date":"2026-04-25T15:05:25","date_gmt":"2026-04-25T18:05:25","guid":{"rendered":"https:\/\/www.politicosdosuldabahia.com.br\/v1\/?p=197593"},"modified":"2026-04-25T15:05:25","modified_gmt":"2026-04-25T18:05:25","slug":"ilheus-em-nota-prefeitura-esclarece-atrasos-em-repasses-estaduais-para-a-saude","status":"publish","type":"post","link":"https:\/\/www.politicosdosuldabahia.com.br\/v1\/2026\/04\/25\/ilheus-em-nota-prefeitura-esclarece-atrasos-em-repasses-estaduais-para-a-saude\/","title":{"rendered":"ILH\u00c9US:  EM NOTA, PREFEITURA ESCLARECE ATRASOS EM REPASSES ESTADUAIS PARA A SA\u00daDE"},"content":{"rendered":"<h3><img loading=\"lazy\" decoding=\"async\" class=\"wp-image-197594 aligncenter\" src=\"http:\/\/www.politicosdosuldabahia.com.br\/v1\/wp-content\/uploads\/2026\/04\/WhatsApp-Image-2026-04-25-at-14.58.49.jpeg\" alt=\"\" width=\"455\" height=\"320\" srcset=\"https:\/\/www.politicosdosuldabahia.com.br\/v1\/wp-content\/uploads\/2026\/04\/WhatsApp-Image-2026-04-25-at-14.58.49.jpeg 800w, https:\/\/www.politicosdosuldabahia.com.br\/v1\/wp-content\/uploads\/2026\/04\/WhatsApp-Image-2026-04-25-at-14.58.49-300x211.jpeg 300w, https:\/\/www.politicosdosuldabahia.com.br\/v1\/wp-content\/uploads\/2026\/04\/WhatsApp-Image-2026-04-25-at-14.58.49-768x540.jpeg 768w\" sizes=\"(max-width: 455px) 100vw, 455px\" \/><\/h3>\n<h3 style=\"text-align: justify\"><strong>Nota de Esclarecimento<\/strong><\/h3>\n<h3 style=\"text-align: justify\">A Prefeitura de Ilh\u00e9us vem a p\u00fablico, com responsabilidade e transpar\u00eancia, prestar esclarecimentos \u00e0 popula\u00e7\u00e3o acerca dos repasses do Governo do Estado destinados \u00e0 \u00e1rea da sa\u00fade, que se encontram em atraso desde 2024.<\/h3>\n<h3 style=\"text-align: justify\">Os valores em quest\u00e3o somam R$ 6.597.027,85 e abrangem d\u00e9bitos relacionados ao Servi\u00e7o de Atendimento M\u00f3vel de Urg\u00eancia (SAMU), ao cofinanciamento das Estrat\u00e9gias de Sa\u00fade da Fam\u00edlia (ESF\/PSF), \u00e0 Rede de Aten\u00e7\u00e3o Psicossocial (RAPS) e \u00e0 Rede Alyne, todos devidamente comprovados por meio de registros e documenta\u00e7\u00e3o oficiais.<\/h3>\n<h3 style=\"text-align: justify\">Os atrasos nos repasses n\u00e3o anulam nem substituem quaisquer obriga\u00e7\u00f5es financeiras do munic\u00edpio, tratando-se de responsabilidades distintas e independentes. O d\u00e9bito no valor de R$ 1.853.892,70 junto \u00e0 Policl\u00ednica Regional, mencionado em nota pela Secretaria da Sa\u00fade do Estado da Bahia (Sesab), \u00e9 anterior a 2025, sendo, portanto, oriundo da gest\u00e3o passada. A atual administra\u00e7\u00e3o j\u00e1 apresentou duas propostas formais de pagamento, ambas recusadas pela administra\u00e7\u00e3o da unidade.<\/h3>\n<h3 style=\"text-align: justify\">A Prefeitura de Ilh\u00e9us ressalta que a aus\u00eancia dos repasses do Estado tem comprometido a adequada presta\u00e7\u00e3o dos servi\u00e7os de sa\u00fade \u00e0 popula\u00e7\u00e3o. O munic\u00edpio segue adotando as medidas cab\u00edveis.<\/h3>\n<h3 style=\"text-align: justify\">Ilh\u00e9us-BA, 25 de abril de 2026<\/h3>\n<h3 style=\"text-align: justify\">Prefeitura de Ilh\u00e9us<\/h3>\n","protected":false},"excerpt":{"rendered":"<p>Nota de Esclarecimento A Prefeitura de Ilh\u00e9us vem a p\u00fablico, com responsabilidade e transpar\u00eancia, prestar esclarecimentos \u00e0 popula\u00e7\u00e3o acerca dos repasses do Governo do Estado destinados \u00e0 \u00e1rea da sa\u00fade, que se encontram em atraso desde 2024. Os valores em quest\u00e3o somam R$ 6.597.027,85 e abrangem d\u00e9bitos relacionados ao Servi\u00e7o de Atendimento M\u00f3vel de Urg\u00eancia [&hellip;]<\/p>\n","protected":false},"author":992,"featured_media":197594,"comment_status":"open","ping_status":"closed","sticky":false,"template":"","format":"standard","meta":{"footnotes":"","_links_to":"","_links_to_target":""},"categories":[3,4],"tags":[],"class_list":["post-197593","post","type-post","status-publish","format-standard","has-post-thumbnail","hentry","category-cidades","category-politica"],"views":104,"_links":{"self":[{"href":"https:\/\/www.politicosdosuldabahia.com.br\/v1\/wp-json\/wp\/v2\/posts\/197593"}],"collection":[{"href":"https:\/\/www.politicosdosuldabahia.com.br\/v1\/wp-json\/wp\/v2\/posts"}],"about":[{"href":"https:\/\/www.politicosdosuldabahia.com.br\/v1\/wp-json\/wp\/v2\/types\/post"}],"author":[{"embeddable":true,"href":"https:\/\/www.politicosdosuldabahia.com.br\/v1\/wp-json\/wp\/v2\/users\/992"}],"replies":[{"embeddable":true,"href":"https:\/\/www.politicosdosuldabahia.com.br\/v1\/wp-json\/wp\/v2\/comments?post=197593"}],"version-history":[{"count":1,"href":"https:\/\/www.politicosdosuldabahia.com.br\/v1\/wp-json\/wp\/v2\/posts\/197593\/revisions"}],"predecessor-version":[{"id":197595,"href":"https:\/\/www.politicosdosuldabahia.com.br\/v1\/wp-json\/wp\/v2\/posts\/197593\/revisions\/197595"}],"wp:featuredmedia":[{"embeddable":true,"href":"https:\/\/www.politicosdosuldabahia.com.br\/v1\/wp-json\/wp\/v2\/media\/197594"}],"wp:attachment":[{"href":"https:\/\/www.politicosdosuldabahia.com.br\/v1\/wp-json\/wp\/v2\/media?parent=197593"}],"wp:term":[{"taxonomy":"category","embeddable":true,"href":"https:\/\/www.politicosdosuldabahia.com.br\/v1\/wp-json\/wp\/v2\/categories?post=197593"},{"taxonomy":"post_tag","embeddable":true,"href":"https:\/\/www.politicosdosuldabahia.com.br\/v1\/wp-json\/wp\/v2\/tags?post=197593"}],"curies":[{"name":"wp","href":"https:\/\/api.w.org\/{rel}","templated":true}]}}