
{"id":197586,"date":"2026-04-25T14:50:05","date_gmt":"2026-04-25T17:50:05","guid":{"rendered":"https:\/\/www.politicosdosuldabahia.com.br\/v1\/?p=197586"},"modified":"2026-04-25T14:50:05","modified_gmt":"2026-04-25T17:50:05","slug":"brumado-recebe-novo-sistema-de-abastecimento-de-agua-e-ubs-do-sao-felix","status":"publish","type":"post","link":"https:\/\/www.politicosdosuldabahia.com.br\/v1\/2026\/04\/25\/brumado-recebe-novo-sistema-de-abastecimento-de-agua-e-ubs-do-sao-felix\/","title":{"rendered":"BRUMADO RECEBE NOVO SISTEMA DE ABASTECIMENTO DE \u00c1GUA E UBS DO S\u00c3O F\u00c9LIX"},"content":{"rendered":"<h3 style=\"text-align: justify\"><img loading=\"lazy\" decoding=\"async\" class=\"wp-image-197587 aligncenter\" src=\"http:\/\/www.politicosdosuldabahia.com.br\/v1\/wp-content\/uploads\/2026\/04\/WhatsApp-Image-2026-04-24-at-17.38.51.jpeg\" alt=\"\" width=\"455\" height=\"303\" srcset=\"https:\/\/www.politicosdosuldabahia.com.br\/v1\/wp-content\/uploads\/2026\/04\/WhatsApp-Image-2026-04-24-at-17.38.51.jpeg 800w, https:\/\/www.politicosdosuldabahia.com.br\/v1\/wp-content\/uploads\/2026\/04\/WhatsApp-Image-2026-04-24-at-17.38.51-300x200.jpeg 300w, https:\/\/www.politicosdosuldabahia.com.br\/v1\/wp-content\/uploads\/2026\/04\/WhatsApp-Image-2026-04-24-at-17.38.51-768x512.jpeg 768w\" sizes=\"(max-width: 455px) 100vw, 455px\" \/><\/h3>\n<h3 style=\"text-align: justify\">Brumado viveu um dia de importantes avan\u00e7os, nesta sexta-feira (24), com a entrega de equipamentos, ve\u00edculos e a autoriza\u00e7\u00e3o de novos investimentos que fortalecem \u00e1reas essenciais para o desenvolvimento do munic\u00edpio, com destaque para a sa\u00fade e o saneamento.<\/h3>\n<h3 style=\"text-align: justify\">Durante agenda na cidade, o governador Jer\u00f4nimo Rodrigues (PT) inaugurou junto ao prefeito Fabr\u00edcio Abrantes (Avante) a Unidade B\u00e1sica de Sa\u00fade Jos\u00e9 Clemente Alves Gondim, al\u00e9m de uma ambul\u00e2ncia, uma van de Tratamento Fora do Domic\u00edlio (TFD) e de autorizar obras estruturantes e novos investimentos para a regi\u00e3o.<\/h3>\n<h3 style=\"text-align: justify\">A nova UBS recebeu investimento de R$ 1,8 milh\u00e3o, com recursos do governo federal, por meio do Programa de Acelera\u00e7\u00e3o do Crescimento (Novo PAC). A estrutura amplia a oferta de servi\u00e7os de aten\u00e7\u00e3o prim\u00e1ria, com atendimento cl\u00ednico, vacina\u00e7\u00e3o, acompanhamento de crian\u00e7as e idosos, assist\u00eancia odontol\u00f3gica e visitas domiciliares. Ex-ministro da Casa Civil e ex-governador da Bahia, Rui Costa (PT) participou do ato, bem como o senador Jaques Wagner (PT), entre outras autoridades.<\/h3>\n<h3 style=\"text-align: justify\">&#8220;Estamos entregando uma Unidade B\u00e1sica de Sa\u00fade moderna, constru\u00edda com recursos do PAC, fruto da parceria entre o presidente Lula, o governo da Bahia e a Prefeitura. \u00c9 um equipamento que fortalece a aten\u00e7\u00e3o b\u00e1sica, amplia o acesso da popula\u00e7\u00e3o aos servi\u00e7os e garante mais qualidade no atendimento\u201d, destacou o governador.<\/h3>\n<h3 style=\"text-align: justify\">&#8220;Hoje recebemos aqui os tr\u00eas melhores governadores que a Bahia j\u00e1 teve, Jer\u00f4nimo, Wagner e Rui. Para n\u00f3s \u00e9 um motivo de grande alegria. S\u00e3o tr\u00eas autoridades que souberam transformar a vida da Bahia e de Brumado. Vemos obras acontecendo em todo o nosso Estado. Wagner come\u00e7ou, Rui continuou e Jer\u00f4nimo entrega. Para n\u00f3s isso \u00e9 motivo de muito orgulho e felicidade&#8221;, emendou o prefeito Fabr\u00edcio Abrantes.<\/h3>\n<h3 style=\"text-align: justify\">Saneamento &#8211; Na \u00e1rea de saneamento, Jer\u00f4nimo autorizou o processo licitat\u00f3rio para implanta\u00e7\u00e3o do Sistema de Esgotamento Sanit\u00e1rio de Brumado e da Vila Presidente Vargas. Integrada ao Novo PAC, a obra prev\u00ea investimento de aproximadamente R$ 200,1 milh\u00f5es, com a implanta\u00e7\u00e3o de 231,6 quil\u00f4metros de rede coletora, sete esta\u00e7\u00f5es elevat\u00f3rias e uma esta\u00e7\u00e3o de tratamento.<\/h3>\n<h3 style=\"text-align: justify\">No distrito de Ubira\u00e7aba e na localidade de Marquinhos, foi entregue um novo sistema de abastecimento, com investimento de R$ 2,48 milh\u00f5es, beneficiando 1.127 moradores. J\u00e1 em Lagoa Funda, a nova adutora de \u00e1gua tratada, com aproximadamente 12 quil\u00f4metros de extens\u00e3o, recebeu aporte de R$ 2,87 milh\u00f5es e vai garantir mais seguran\u00e7a h\u00eddrica para cerca de 11 mil habitantes.<\/h3>\n<h3 style=\"text-align: justify\">Minha Casa, Minha Vida &#8211; Na \u00e1rea habitacional, o destaque ficou para o an\u00fancio da contrata\u00e7\u00e3o de 200 novas unidades do programa Minha Casa, Minha Vida (MCMV). Na ocasi\u00e3o, o governador tamb\u00e9m visitou as obras de outras 144 moradias em constru\u00e7\u00e3o no munic\u00edpio, com entrega prevista para setembro deste ano.<\/h3>\n","protected":false},"excerpt":{"rendered":"<p>Brumado viveu um dia de importantes avan\u00e7os, nesta sexta-feira (24), com a entrega de equipamentos, ve\u00edculos e a autoriza\u00e7\u00e3o de novos investimentos que fortalecem \u00e1reas essenciais para o desenvolvimento do munic\u00edpio, com destaque para a sa\u00fade e o saneamento. Durante agenda na cidade, o governador Jer\u00f4nimo Rodrigues (PT) inaugurou junto ao prefeito Fabr\u00edcio Abrantes (Avante) [&hellip;]<\/p>\n","protected":false},"author":992,"featured_media":197587,"comment_status":"open","ping_status":"closed","sticky":false,"template":"","format":"standard","meta":{"footnotes":"","_links_to":"","_links_to_target":""},"categories":[3,4],"tags":[],"class_list":["post-197586","post","type-post","status-publish","format-standard","has-post-thumbnail","hentry","category-cidades","category-politica"],"views":58,"_links":{"self":[{"href":"https:\/\/www.politicosdosuldabahia.com.br\/v1\/wp-json\/wp\/v2\/posts\/197586"}],"collection":[{"href":"https:\/\/www.politicosdosuldabahia.com.br\/v1\/wp-json\/wp\/v2\/posts"}],"about":[{"href":"https:\/\/www.politicosdosuldabahia.com.br\/v1\/wp-json\/wp\/v2\/types\/post"}],"author":[{"embeddable":true,"href":"https:\/\/www.politicosdosuldabahia.com.br\/v1\/wp-json\/wp\/v2\/users\/992"}],"replies":[{"embeddable":true,"href":"https:\/\/www.politicosdosuldabahia.com.br\/v1\/wp-json\/wp\/v2\/comments?post=197586"}],"version-history":[{"count":1,"href":"https:\/\/www.politicosdosuldabahia.com.br\/v1\/wp-json\/wp\/v2\/posts\/197586\/revisions"}],"predecessor-version":[{"id":197588,"href":"https:\/\/www.politicosdosuldabahia.com.br\/v1\/wp-json\/wp\/v2\/posts\/197586\/revisions\/197588"}],"wp:featuredmedia":[{"embeddable":true,"href":"https:\/\/www.politicosdosuldabahia.com.br\/v1\/wp-json\/wp\/v2\/media\/197587"}],"wp:attachment":[{"href":"https:\/\/www.politicosdosuldabahia.com.br\/v1\/wp-json\/wp\/v2\/media?parent=197586"}],"wp:term":[{"taxonomy":"category","embeddable":true,"href":"https:\/\/www.politicosdosuldabahia.com.br\/v1\/wp-json\/wp\/v2\/categories?post=197586"},{"taxonomy":"post_tag","embeddable":true,"href":"https:\/\/www.politicosdosuldabahia.com.br\/v1\/wp-json\/wp\/v2\/tags?post=197586"}],"curies":[{"name":"wp","href":"https:\/\/api.w.org\/{rel}","templated":true}]}}