
{"id":197360,"date":"2026-04-09T19:18:37","date_gmt":"2026-04-09T22:18:37","guid":{"rendered":"https:\/\/www.politicosdosuldabahia.com.br\/v1\/?p=197360"},"modified":"2026-04-09T19:18:37","modified_gmt":"2026-04-09T22:18:37","slug":"conquista-morar-legal-prefeitura-lanca-primeira-etapa-da-regularizacao-fundiaria","status":"publish","type":"post","link":"https:\/\/www.politicosdosuldabahia.com.br\/v1\/2026\/04\/09\/conquista-morar-legal-prefeitura-lanca-primeira-etapa-da-regularizacao-fundiaria\/","title":{"rendered":"CONQUISTA:  MORAR LEGAL: PREFEITURA LAN\u00c7A PRIMEIRA ETAPA DA REGULARIZA\u00c7\u00c3O FUNDI\u00c1RIA"},"content":{"rendered":"<h3 style=\"text-align: justify;\"><img loading=\"lazy\" decoding=\"async\" class=\"alignnone size-full wp-image-197361\" src=\"http:\/\/www.politicosdosuldabahia.com.br\/v1\/wp-content\/uploads\/2026\/04\/conqs.jpeg\" alt=\"\" width=\"544\" height=\"680\" srcset=\"https:\/\/www.politicosdosuldabahia.com.br\/v1\/wp-content\/uploads\/2026\/04\/conqs.jpeg 544w, https:\/\/www.politicosdosuldabahia.com.br\/v1\/wp-content\/uploads\/2026\/04\/conqs-240x300.jpeg 240w\" sizes=\"(max-width: 544px) 100vw, 544px\" \/><\/h3>\n<h3 style=\"text-align: justify;\">A Prefeitura de Vit\u00f3ria da Conquista realiza, nesta sexta-feira (10), \u00e0s 15h, o lan\u00e7amento da primeira etapa do processo de regulariza\u00e7\u00e3o fundi\u00e1ria do loteamento Cidade Modelo. O evento acontece no Centro de Conviv\u00eancia Conquista Crian\u00e7a (CCCC), localizado na Avenida Desembargador M\u00e1rmore Neto, s\/n\u00b0, Cidade Modelo.<\/h3>\n<h3 style=\"text-align: justify;\">Coordenada pela Secretaria Municipal de Desenvolvimento Social (Semdes), por meio da Diretoria de Habita\u00e7\u00e3o de Interesse Social, a a\u00e7\u00e3o marca o in\u00edcio dos trabalhos de Regulariza\u00e7\u00e3o Fundi\u00e1ria Urbana de Interesse Social (Reurb-S) na localidade, com previs\u00e3o de contemplar cerca de 265 fam\u00edlias.<\/h3>\n<h3 style=\"text-align: justify;\">A programa\u00e7\u00e3o contar\u00e1 com a composi\u00e7\u00e3o de dispositivo de honra e a participa\u00e7\u00e3o de autoridades municipais, lideran\u00e7as comunit\u00e1rias, representantes da sociedade civil e comunidade em geral.<\/h3>\n","protected":false},"excerpt":{"rendered":"<p>A Prefeitura de Vit\u00f3ria da Conquista realiza, nesta sexta-feira (10), \u00e0s 15h, o lan\u00e7amento da primeira etapa do processo de regulariza\u00e7\u00e3o fundi\u00e1ria do loteamento Cidade Modelo. O evento acontece no Centro de Conviv\u00eancia Conquista Crian\u00e7a (CCCC), localizado na Avenida Desembargador M\u00e1rmore Neto, s\/n\u00b0, Cidade Modelo. Coordenada pela Secretaria Municipal de Desenvolvimento Social (Semdes), por meio [&hellip;]<\/p>\n","protected":false},"author":2,"featured_media":197361,"comment_status":"open","ping_status":"closed","sticky":false,"template":"","format":"standard","meta":{"footnotes":"","_links_to":"","_links_to_target":""},"categories":[1],"tags":[],"class_list":["post-197360","post","type-post","status-publish","format-standard","has-post-thumbnail","hentry","category-geral"],"views":155,"_links":{"self":[{"href":"https:\/\/www.politicosdosuldabahia.com.br\/v1\/wp-json\/wp\/v2\/posts\/197360"}],"collection":[{"href":"https:\/\/www.politicosdosuldabahia.com.br\/v1\/wp-json\/wp\/v2\/posts"}],"about":[{"href":"https:\/\/www.politicosdosuldabahia.com.br\/v1\/wp-json\/wp\/v2\/types\/post"}],"author":[{"embeddable":true,"href":"https:\/\/www.politicosdosuldabahia.com.br\/v1\/wp-json\/wp\/v2\/users\/2"}],"replies":[{"embeddable":true,"href":"https:\/\/www.politicosdosuldabahia.com.br\/v1\/wp-json\/wp\/v2\/comments?post=197360"}],"version-history":[{"count":1,"href":"https:\/\/www.politicosdosuldabahia.com.br\/v1\/wp-json\/wp\/v2\/posts\/197360\/revisions"}],"predecessor-version":[{"id":197362,"href":"https:\/\/www.politicosdosuldabahia.com.br\/v1\/wp-json\/wp\/v2\/posts\/197360\/revisions\/197362"}],"wp:featuredmedia":[{"embeddable":true,"href":"https:\/\/www.politicosdosuldabahia.com.br\/v1\/wp-json\/wp\/v2\/media\/197361"}],"wp:attachment":[{"href":"https:\/\/www.politicosdosuldabahia.com.br\/v1\/wp-json\/wp\/v2\/media?parent=197360"}],"wp:term":[{"taxonomy":"category","embeddable":true,"href":"https:\/\/www.politicosdosuldabahia.com.br\/v1\/wp-json\/wp\/v2\/categories?post=197360"},{"taxonomy":"post_tag","embeddable":true,"href":"https:\/\/www.politicosdosuldabahia.com.br\/v1\/wp-json\/wp\/v2\/tags?post=197360"}],"curies":[{"name":"wp","href":"https:\/\/api.w.org\/{rel}","templated":true}]}}