
{"id":195484,"date":"2025-12-28T10:51:14","date_gmt":"2025-12-28T13:51:14","guid":{"rendered":"https:\/\/www.politicosdosuldabahia.com.br\/v1\/?p=195484"},"modified":"2025-12-28T10:51:14","modified_gmt":"2025-12-28T13:51:14","slug":"bahia-jeronimo-tera-r-77-bilhoes-para-investimentos-na-bahia-em-2026","status":"publish","type":"post","link":"https:\/\/www.politicosdosuldabahia.com.br\/v1\/2025\/12\/28\/bahia-jeronimo-tera-r-77-bilhoes-para-investimentos-na-bahia-em-2026\/","title":{"rendered":"BAHIA: JER\u00d4NIMO TER\u00c1 R$ 77 BILH\u00d5ES PARA INVESTIMENTOS NA BAHIA EM 2026"},"content":{"rendered":"<p><img loading=\"lazy\" decoding=\"async\" class=\"alignnone size-medium wp-image-186052\" src=\"http:\/\/www.politicosdosuldabahia.com.br\/v1\/wp-content\/uploads\/2024\/09\/jeronimo-rodrigues-300x180.png\" alt=\"\" width=\"300\" height=\"180\" srcset=\"https:\/\/www.politicosdosuldabahia.com.br\/v1\/wp-content\/uploads\/2024\/09\/jeronimo-rodrigues-300x180.png 300w, https:\/\/www.politicosdosuldabahia.com.br\/v1\/wp-content\/uploads\/2024\/09\/jeronimo-rodrigues.png 350w\" sizes=\"(max-width: 300px) 100vw, 300px\" \/><\/p>\n<h3 style=\"text-align: justify;\">Segundo o jornal &#8220;A tarde&#8221;, na \u00faltima sess\u00e3o do ano, realizada nesta segunda-feira, 22, a Assembleia Legislativa da Bahia (Alba) aprovou o Projeto de Lei Or\u00e7ament\u00e1ria Anual (PLOA), que estima a receita e fixa a despesa do Governo da Bahia para o ano de 2026, no montante de R$ 77,4 bilh\u00f5es, um aumento de 10% se comparado com o or\u00e7amento aprovado para 2025, que foi de R$ 70,8 bilh\u00f5es.<\/h3>\n<h3 style=\"text-align: justify;\">A proposta prev\u00ea que a composi\u00e7\u00e3o do or\u00e7amento para o ano que vem ser\u00e1 de R$ 48,2 bilh\u00f5es na \u00e1rea fiscal, R$ 27,5 bilh\u00f5es na Seguridade Social, e R$ 1,7 bilh\u00e3o para investimento das empresas, integrado pelas estatais n\u00e3o dependentes. O texto foi aprovado por maioria, com voto contr\u00e1rio do deputado Hilton Coelho (PSOL).<\/h3>\n<h3 style=\"text-align: justify;\">Ap\u00f3s a aprova\u00e7\u00e3o da PLOA, a Alba entra em recesso e s\u00f3 retorna \u00e0s atividades no dia 3 de fevereiro de 2026.<\/h3>\n","protected":false},"excerpt":{"rendered":"<p>Segundo o jornal &#8220;A tarde&#8221;, na \u00faltima sess\u00e3o do ano, realizada nesta segunda-feira, 22, a Assembleia Legislativa da Bahia (Alba) aprovou o Projeto de Lei Or\u00e7ament\u00e1ria Anual (PLOA), que estima a receita e fixa a despesa do Governo da Bahia para o ano de 2026, no montante de R$ 77,4 bilh\u00f5es, um aumento de 10% [&hellip;]<\/p>\n","protected":false},"author":2,"featured_media":186052,"comment_status":"open","ping_status":"closed","sticky":false,"template":"","format":"standard","meta":{"footnotes":"","_links_to":"","_links_to_target":""},"categories":[1],"tags":[],"class_list":["post-195484","post","type-post","status-publish","format-standard","has-post-thumbnail","hentry","category-geral"],"views":213,"_links":{"self":[{"href":"https:\/\/www.politicosdosuldabahia.com.br\/v1\/wp-json\/wp\/v2\/posts\/195484"}],"collection":[{"href":"https:\/\/www.politicosdosuldabahia.com.br\/v1\/wp-json\/wp\/v2\/posts"}],"about":[{"href":"https:\/\/www.politicosdosuldabahia.com.br\/v1\/wp-json\/wp\/v2\/types\/post"}],"author":[{"embeddable":true,"href":"https:\/\/www.politicosdosuldabahia.com.br\/v1\/wp-json\/wp\/v2\/users\/2"}],"replies":[{"embeddable":true,"href":"https:\/\/www.politicosdosuldabahia.com.br\/v1\/wp-json\/wp\/v2\/comments?post=195484"}],"version-history":[{"count":1,"href":"https:\/\/www.politicosdosuldabahia.com.br\/v1\/wp-json\/wp\/v2\/posts\/195484\/revisions"}],"predecessor-version":[{"id":195485,"href":"https:\/\/www.politicosdosuldabahia.com.br\/v1\/wp-json\/wp\/v2\/posts\/195484\/revisions\/195485"}],"wp:featuredmedia":[{"embeddable":true,"href":"https:\/\/www.politicosdosuldabahia.com.br\/v1\/wp-json\/wp\/v2\/media\/186052"}],"wp:attachment":[{"href":"https:\/\/www.politicosdosuldabahia.com.br\/v1\/wp-json\/wp\/v2\/media?parent=195484"}],"wp:term":[{"taxonomy":"category","embeddable":true,"href":"https:\/\/www.politicosdosuldabahia.com.br\/v1\/wp-json\/wp\/v2\/categories?post=195484"},{"taxonomy":"post_tag","embeddable":true,"href":"https:\/\/www.politicosdosuldabahia.com.br\/v1\/wp-json\/wp\/v2\/tags?post=195484"}],"curies":[{"name":"wp","href":"https:\/\/api.w.org\/{rel}","templated":true}]}}