
{"id":195306,"date":"2025-12-16T21:47:11","date_gmt":"2025-12-17T00:47:11","guid":{"rendered":"https:\/\/www.politicosdosuldabahia.com.br\/v1\/?p=195306"},"modified":"2025-12-16T21:47:11","modified_gmt":"2025-12-17T00:47:11","slug":"ilheus-prefeitura-prorroga-entrega-de-vouchers-do-kit-natalino","status":"publish","type":"post","link":"https:\/\/www.politicosdosuldabahia.com.br\/v1\/2025\/12\/16\/ilheus-prefeitura-prorroga-entrega-de-vouchers-do-kit-natalino\/","title":{"rendered":"ILH\u00c9US: PREFEITURA PRORROGA ENTREGA DE VOUCHERS DO KIT NATALINO"},"content":{"rendered":"<p>&nbsp;<\/p>\n<p><img loading=\"lazy\" decoding=\"async\" class=\"aligncenter wp-image-195307\" src=\"http:\/\/www.politicosdosuldabahia.com.br\/v1\/wp-content\/uploads\/2025\/12\/WhatsApp-Image-2025-12-16-at-18.22.19.jpeg\" alt=\"\" width=\"455\" height=\"255\" srcset=\"https:\/\/www.politicosdosuldabahia.com.br\/v1\/wp-content\/uploads\/2025\/12\/WhatsApp-Image-2025-12-16-at-18.22.19.jpeg 800w, https:\/\/www.politicosdosuldabahia.com.br\/v1\/wp-content\/uploads\/2025\/12\/WhatsApp-Image-2025-12-16-at-18.22.19-300x168.jpeg 300w, https:\/\/www.politicosdosuldabahia.com.br\/v1\/wp-content\/uploads\/2025\/12\/WhatsApp-Image-2025-12-16-at-18.22.19-768x431.jpeg 768w\" sizes=\"(max-width: 455px) 100vw, 455px\" \/><\/p>\n<h4 style=\"text-align: center\"><strong>Atendimento ser\u00e1 realizado nesta quarta-feira (17), em todos os CRAS, das 8h \u00e0s 14h, com quantidade limitada<\/strong><\/h4>\n<h3 style=\"text-align: justify\">A Prefeitura de Ilh\u00e9us, por meio da Secretaria de Promo\u00e7\u00e3o Social e Combate \u00e0 Pobreza, prorrogou por mais um dia a entrega dos vouchers para retirada do Kit Natalino. A a\u00e7\u00e3o acontece nesta quarta-feira (17), com atendimento em todos os Centros de Refer\u00eancia de Assist\u00eancia Social (CRAS) do munic\u00edpio.<\/h3>\n<h3 style=\"text-align: justify\">A iniciativa busca ampliar o alcance da a\u00e7\u00e3o e contemplar um maior n\u00famero de fam\u00edlias. No entanto, a Prefeitura informa que a quantidade de vouchers \u00e9 limitada, podendo ser encerrada antes do hor\u00e1rio final, conforme a disponibilidade.<\/h3>\n<h3 style=\"text-align: justify\">O atendimento seguir\u00e1 das 8h \u00e0s 14h, em todos os CRAS. A orienta\u00e7\u00e3o \u00e9 que os benefici\u00e1rios compare\u00e7am o quanto antes ao seu CRAS de refer\u00eancia.<\/h3>\n<h3 style=\"text-align: justify\">A gest\u00e3o municipal refor\u00e7a o compromisso com a assist\u00eancia social e segue trabalhando para garantir um Natal mais digno \u00e0s fam\u00edlias ilheenses.<\/h3>\n","protected":false},"excerpt":{"rendered":"<p>&nbsp; Atendimento ser\u00e1 realizado nesta quarta-feira (17), em todos os CRAS, das 8h \u00e0s 14h, com quantidade limitada A Prefeitura de Ilh\u00e9us, por meio da Secretaria de Promo\u00e7\u00e3o Social e Combate \u00e0 Pobreza, prorrogou por mais um dia a entrega dos vouchers para retirada do Kit Natalino. A a\u00e7\u00e3o acontece nesta quarta-feira (17), com atendimento [&hellip;]<\/p>\n","protected":false},"author":992,"featured_media":195307,"comment_status":"open","ping_status":"closed","sticky":false,"template":"","format":"standard","meta":{"footnotes":"","_links_to":"","_links_to_target":""},"categories":[3],"tags":[],"class_list":["post-195306","post","type-post","status-publish","format-standard","has-post-thumbnail","hentry","category-cidades"],"views":178,"_links":{"self":[{"href":"https:\/\/www.politicosdosuldabahia.com.br\/v1\/wp-json\/wp\/v2\/posts\/195306"}],"collection":[{"href":"https:\/\/www.politicosdosuldabahia.com.br\/v1\/wp-json\/wp\/v2\/posts"}],"about":[{"href":"https:\/\/www.politicosdosuldabahia.com.br\/v1\/wp-json\/wp\/v2\/types\/post"}],"author":[{"embeddable":true,"href":"https:\/\/www.politicosdosuldabahia.com.br\/v1\/wp-json\/wp\/v2\/users\/992"}],"replies":[{"embeddable":true,"href":"https:\/\/www.politicosdosuldabahia.com.br\/v1\/wp-json\/wp\/v2\/comments?post=195306"}],"version-history":[{"count":1,"href":"https:\/\/www.politicosdosuldabahia.com.br\/v1\/wp-json\/wp\/v2\/posts\/195306\/revisions"}],"predecessor-version":[{"id":195308,"href":"https:\/\/www.politicosdosuldabahia.com.br\/v1\/wp-json\/wp\/v2\/posts\/195306\/revisions\/195308"}],"wp:featuredmedia":[{"embeddable":true,"href":"https:\/\/www.politicosdosuldabahia.com.br\/v1\/wp-json\/wp\/v2\/media\/195307"}],"wp:attachment":[{"href":"https:\/\/www.politicosdosuldabahia.com.br\/v1\/wp-json\/wp\/v2\/media?parent=195306"}],"wp:term":[{"taxonomy":"category","embeddable":true,"href":"https:\/\/www.politicosdosuldabahia.com.br\/v1\/wp-json\/wp\/v2\/categories?post=195306"},{"taxonomy":"post_tag","embeddable":true,"href":"https:\/\/www.politicosdosuldabahia.com.br\/v1\/wp-json\/wp\/v2\/tags?post=195306"}],"curies":[{"name":"wp","href":"https:\/\/api.w.org\/{rel}","templated":true}]}}