
{"id":194396,"date":"2025-11-03T14:38:59","date_gmt":"2025-11-03T17:38:59","guid":{"rendered":"https:\/\/www.politicosdosuldabahia.com.br\/v1\/?p=194396"},"modified":"2025-11-03T14:38:59","modified_gmt":"2025-11-03T17:38:59","slug":"itapitanga-tj-ba-reforma-decisao-da-primeira-instancia-sobre-vacancia-de-cargo-publico-em-caso-do-municipio-de-itapitanga","status":"publish","type":"post","link":"https:\/\/www.politicosdosuldabahia.com.br\/v1\/2025\/11\/03\/itapitanga-tj-ba-reforma-decisao-da-primeira-instancia-sobre-vacancia-de-cargo-publico-em-caso-do-municipio-de-itapitanga\/","title":{"rendered":"ITAPITANGA: TJ\/BA REFORMA DECIS\u00c3O DA PRIMEIRA INST\u00c2NCIA SOBRE VAC\u00c2NCIA DE CARGO P\u00daBLICO EM CASO DO MUNIC\u00cdPIO DE ITAPITANGA"},"content":{"rendered":"<p><img loading=\"lazy\" decoding=\"async\" class=\"alignnone size-full wp-image-194397 aligncenter\" src=\"http:\/\/www.politicosdosuldabahia.com.br\/v1\/wp-content\/uploads\/2025\/11\/WhatsApp-Image-2025-11-03-at-14.37.20.jpeg\" alt=\"\" width=\"313\" height=\"455\" srcset=\"https:\/\/www.politicosdosuldabahia.com.br\/v1\/wp-content\/uploads\/2025\/11\/WhatsApp-Image-2025-11-03-at-14.37.20.jpeg 313w, https:\/\/www.politicosdosuldabahia.com.br\/v1\/wp-content\/uploads\/2025\/11\/WhatsApp-Image-2025-11-03-at-14.37.20-206x300.jpeg 206w\" sizes=\"(max-width: 313px) 100vw, 313px\" \/><\/p>\n<h3 style=\"text-align: justify\">O Tribunal de Justi\u00e7a da Bahia manteve, em decis\u00e3o recente, o decreto de exonera\u00e7\u00e3o de uma servidora do Munic\u00edpio de Itapitanga, reconhecendo que a aposentadoria pelo Regime Geral de Previd\u00eancia Social (RGPS) implica vac\u00e2ncia do cargo p\u00fablico.<\/h3>\n<h3 style=\"text-align: justify\">O entendimento, proferido por Desembargador da Quinta C\u00e2mara C\u00edvel, est\u00e1 em conson\u00e2ncia com a posi\u00e7\u00e3o consolidada do Supremo Tribunal Federal, que considera a aposentadoria como causa leg\u00edtima para o encerramento do v\u00ednculo com a administra\u00e7\u00e3o p\u00fablica.<\/h3>\n<p><img loading=\"lazy\" decoding=\"async\" class=\"alignnone size-full wp-image-194398 aligncenter\" src=\"http:\/\/www.politicosdosuldabahia.com.br\/v1\/wp-content\/uploads\/2025\/11\/WhatsApp-Image-2025-11-03-at-14.37.19.jpeg\" alt=\"\" width=\"325\" height=\"455\" srcset=\"https:\/\/www.politicosdosuldabahia.com.br\/v1\/wp-content\/uploads\/2025\/11\/WhatsApp-Image-2025-11-03-at-14.37.19.jpeg 325w, https:\/\/www.politicosdosuldabahia.com.br\/v1\/wp-content\/uploads\/2025\/11\/WhatsApp-Image-2025-11-03-at-14.37.19-214x300.jpeg 214w\" sizes=\"(max-width: 325px) 100vw, 325px\" \/><\/p>\n<h3 style=\"text-align: justify\">A decis\u00e3o refor\u00e7a a legalidade do ato administrativo praticado pelo Munic\u00edpio de Itapitanga, que contou com representa\u00e7\u00e3o jur\u00eddica do advogado Dr. Wanderley Porto, e contribui para a uniformiza\u00e7\u00e3o da jurisprud\u00eancia sobre o tema no \u00e2mbito do Estado da Bahia.<\/h3>\n","protected":false},"excerpt":{"rendered":"<p>O Tribunal de Justi\u00e7a da Bahia manteve, em decis\u00e3o recente, o decreto de exonera\u00e7\u00e3o de uma servidora do Munic\u00edpio de Itapitanga, reconhecendo que a aposentadoria pelo Regime Geral de Previd\u00eancia Social (RGPS) implica vac\u00e2ncia do cargo p\u00fablico. O entendimento, proferido por Desembargador da Quinta C\u00e2mara C\u00edvel, est\u00e1 em conson\u00e2ncia com a posi\u00e7\u00e3o consolidada do Supremo [&hellip;]<\/p>\n","protected":false},"author":992,"featured_media":194397,"comment_status":"open","ping_status":"closed","sticky":false,"template":"","format":"standard","meta":{"footnotes":"","_links_to":"","_links_to_target":""},"categories":[3],"tags":[],"class_list":["post-194396","post","type-post","status-publish","format-standard","has-post-thumbnail","hentry","category-cidades"],"views":415,"_links":{"self":[{"href":"https:\/\/www.politicosdosuldabahia.com.br\/v1\/wp-json\/wp\/v2\/posts\/194396"}],"collection":[{"href":"https:\/\/www.politicosdosuldabahia.com.br\/v1\/wp-json\/wp\/v2\/posts"}],"about":[{"href":"https:\/\/www.politicosdosuldabahia.com.br\/v1\/wp-json\/wp\/v2\/types\/post"}],"author":[{"embeddable":true,"href":"https:\/\/www.politicosdosuldabahia.com.br\/v1\/wp-json\/wp\/v2\/users\/992"}],"replies":[{"embeddable":true,"href":"https:\/\/www.politicosdosuldabahia.com.br\/v1\/wp-json\/wp\/v2\/comments?post=194396"}],"version-history":[{"count":1,"href":"https:\/\/www.politicosdosuldabahia.com.br\/v1\/wp-json\/wp\/v2\/posts\/194396\/revisions"}],"predecessor-version":[{"id":194399,"href":"https:\/\/www.politicosdosuldabahia.com.br\/v1\/wp-json\/wp\/v2\/posts\/194396\/revisions\/194399"}],"wp:featuredmedia":[{"embeddable":true,"href":"https:\/\/www.politicosdosuldabahia.com.br\/v1\/wp-json\/wp\/v2\/media\/194397"}],"wp:attachment":[{"href":"https:\/\/www.politicosdosuldabahia.com.br\/v1\/wp-json\/wp\/v2\/media?parent=194396"}],"wp:term":[{"taxonomy":"category","embeddable":true,"href":"https:\/\/www.politicosdosuldabahia.com.br\/v1\/wp-json\/wp\/v2\/categories?post=194396"},{"taxonomy":"post_tag","embeddable":true,"href":"https:\/\/www.politicosdosuldabahia.com.br\/v1\/wp-json\/wp\/v2\/tags?post=194396"}],"curies":[{"name":"wp","href":"https:\/\/api.w.org\/{rel}","templated":true}]}}