
{"id":194289,"date":"2025-10-29T13:13:38","date_gmt":"2025-10-29T16:13:38","guid":{"rendered":"https:\/\/www.politicosdosuldabahia.com.br\/v1\/?p=194289"},"modified":"2025-10-29T13:13:38","modified_gmt":"2025-10-29T16:13:38","slug":"itabuna-plenaria-territorial-de-economia-solidaria-acontece-nesta-quinta-feira","status":"publish","type":"post","link":"https:\/\/www.politicosdosuldabahia.com.br\/v1\/2025\/10\/29\/itabuna-plenaria-territorial-de-economia-solidaria-acontece-nesta-quinta-feira\/","title":{"rendered":"ITABUNA: PLEN\u00c1RIA TERRITORIAL DE ECONOMIA SOLID\u00c1RIA ACONTECE NESTA QUINTA-FEIRA"},"content":{"rendered":"<h3 style=\"text-align: justify\"><img loading=\"lazy\" decoding=\"async\" class=\"wp-image-194290 aligncenter\" src=\"http:\/\/www.politicosdosuldabahia.com.br\/v1\/wp-content\/uploads\/2025\/10\/WhatsApp-Image-2025-10-29-at-13.09.03.jpeg\" alt=\"\" width=\"455\" height=\"303\" srcset=\"https:\/\/www.politicosdosuldabahia.com.br\/v1\/wp-content\/uploads\/2025\/10\/WhatsApp-Image-2025-10-29-at-13.09.03.jpeg 1024w, https:\/\/www.politicosdosuldabahia.com.br\/v1\/wp-content\/uploads\/2025\/10\/WhatsApp-Image-2025-10-29-at-13.09.03-300x200.jpeg 300w, https:\/\/www.politicosdosuldabahia.com.br\/v1\/wp-content\/uploads\/2025\/10\/WhatsApp-Image-2025-10-29-at-13.09.03-768x512.jpeg 768w\" sizes=\"(max-width: 455px) 100vw, 455px\" \/><\/h3>\n<h3 style=\"text-align: justify\">Acontece nesta quinta-feira, 30 de outubro, em Itabuna, a Plen\u00e1ria Territorial de Economia Solid\u00e1ria, promovida pelo Cesol Litoral Sul. O encontro reunir\u00e1 empreendedores, entidades, gestores p\u00fablicos e lideran\u00e7as da regi\u00e3o para discutir avan\u00e7os, desafios e estrat\u00e9gias de fortalecimento da economia solid\u00e1ria no territ\u00f3rio. A atividade ser\u00e1 realizada no CIEBTEC, na Avenida Manoel Chaves (Kennedy), bairro S\u00e3o Caetano, das 8h \u00e0s 17h.<\/h3>\n<h3 style=\"text-align: justify\">A abertura oficial da plen\u00e1ria est\u00e1 marcada para \u00e0s 9h, com composi\u00e7\u00e3o de mesa e falas institucionais. O credenciamento ter\u00e1 in\u00edcio \u00e0s 8h, e a orienta\u00e7\u00e3o \u00e9 que os participantes cheguem com anteced\u00eancia.<\/h3>\n<h3 style=\"text-align: justify\">A programa\u00e7\u00e3o inclui palestras, debates e grupos de trabalho. \u00c0s 10h, a coordenadora geral do Cesol Litoral Sul, B\u00e1rbara Arag\u00e3o, e o diretor da Organiza\u00e7\u00e3o Social Querinos, Diego Felisardo, iniciam a rodada de apresenta\u00e7\u00f5es. Na sequ\u00eancia, \u00e0s 10h30, o superintendente de Economia Solid\u00e1ria da Bahia, Wenceslau J\u00fanior, far\u00e1 uma abordagem sobre o tema \u201cPol\u00edtica P\u00fablica de Economia Solid\u00e1ria na Bahia: Desafios e Perspectivas\u201d.<\/h3>\n<h3 style=\"text-align: justify\">Durante a tarde, os grupos de trabalho apresentar\u00e3o resultados e encaminhamentos para a constru\u00e7\u00e3o do documento final da plen\u00e1ria, que ser\u00e1 enviado \u00e0s inst\u00e2ncias estaduais respons\u00e1veis pelas pol\u00edticas de economia solid\u00e1ria.<\/h3>\n<h3 style=\"text-align: justify\">O objetivo do encontro \u00e9 fortalecer a articula\u00e7\u00e3o entre empreendimentos, movimentos sociais e institui\u00e7\u00f5es parceiras, promovendo o di\u00e1logo e o desenvolvimento de estrat\u00e9gias conjuntas voltadas ao crescimento sustent\u00e1vel e inclusivo da regi\u00e3o.<\/h3>\n<h3 style=\"text-align: justify\">A Plen\u00e1ria Territorial de Economia Solid\u00e1ria \u00e9 realizada pelo Cesol Litoral Sul e pela Organiza\u00e7\u00e3o Social Querinos, com apoio da Secretaria do Trabalho, Emprego, Renda e Esporte (Setre) e do Governo do Estado da Bahia.<\/h3>\n","protected":false},"excerpt":{"rendered":"<p>Acontece nesta quinta-feira, 30 de outubro, em Itabuna, a Plen\u00e1ria Territorial de Economia Solid\u00e1ria, promovida pelo Cesol Litoral Sul. O encontro reunir\u00e1 empreendedores, entidades, gestores p\u00fablicos e lideran\u00e7as da regi\u00e3o para discutir avan\u00e7os, desafios e estrat\u00e9gias de fortalecimento da economia solid\u00e1ria no territ\u00f3rio. A atividade ser\u00e1 realizada no CIEBTEC, na Avenida Manoel Chaves (Kennedy), bairro [&hellip;]<\/p>\n","protected":false},"author":992,"featured_media":194290,"comment_status":"open","ping_status":"closed","sticky":false,"template":"","format":"standard","meta":{"footnotes":"","_links_to":"","_links_to_target":""},"categories":[3],"tags":[],"class_list":["post-194289","post","type-post","status-publish","format-standard","has-post-thumbnail","hentry","category-cidades"],"views":234,"_links":{"self":[{"href":"https:\/\/www.politicosdosuldabahia.com.br\/v1\/wp-json\/wp\/v2\/posts\/194289"}],"collection":[{"href":"https:\/\/www.politicosdosuldabahia.com.br\/v1\/wp-json\/wp\/v2\/posts"}],"about":[{"href":"https:\/\/www.politicosdosuldabahia.com.br\/v1\/wp-json\/wp\/v2\/types\/post"}],"author":[{"embeddable":true,"href":"https:\/\/www.politicosdosuldabahia.com.br\/v1\/wp-json\/wp\/v2\/users\/992"}],"replies":[{"embeddable":true,"href":"https:\/\/www.politicosdosuldabahia.com.br\/v1\/wp-json\/wp\/v2\/comments?post=194289"}],"version-history":[{"count":1,"href":"https:\/\/www.politicosdosuldabahia.com.br\/v1\/wp-json\/wp\/v2\/posts\/194289\/revisions"}],"predecessor-version":[{"id":194291,"href":"https:\/\/www.politicosdosuldabahia.com.br\/v1\/wp-json\/wp\/v2\/posts\/194289\/revisions\/194291"}],"wp:featuredmedia":[{"embeddable":true,"href":"https:\/\/www.politicosdosuldabahia.com.br\/v1\/wp-json\/wp\/v2\/media\/194290"}],"wp:attachment":[{"href":"https:\/\/www.politicosdosuldabahia.com.br\/v1\/wp-json\/wp\/v2\/media?parent=194289"}],"wp:term":[{"taxonomy":"category","embeddable":true,"href":"https:\/\/www.politicosdosuldabahia.com.br\/v1\/wp-json\/wp\/v2\/categories?post=194289"},{"taxonomy":"post_tag","embeddable":true,"href":"https:\/\/www.politicosdosuldabahia.com.br\/v1\/wp-json\/wp\/v2\/tags?post=194289"}],"curies":[{"name":"wp","href":"https:\/\/api.w.org\/{rel}","templated":true}]}}