
{"id":194252,"date":"2025-10-28T09:35:39","date_gmt":"2025-10-28T12:35:39","guid":{"rendered":"https:\/\/www.politicosdosuldabahia.com.br\/v1\/?p=194252"},"modified":"2025-10-28T09:35:39","modified_gmt":"2025-10-28T12:35:39","slug":"ubaitaba-brinca-cidade-transforma-a-beira-rio-em-um-verdadeiro-mundo-encantado-das-criancas","status":"publish","type":"post","link":"https:\/\/www.politicosdosuldabahia.com.br\/v1\/2025\/10\/28\/ubaitaba-brinca-cidade-transforma-a-beira-rio-em-um-verdadeiro-mundo-encantado-das-criancas\/","title":{"rendered":"UBAITABA: BRINCA CIDADE TRANSFORMA A BEIRA RIO EM UM VERDADEIRO MUNDO ENCANTADO DAS CRIAN\u00c7AS"},"content":{"rendered":"<p><img loading=\"lazy\" decoding=\"async\" class=\"alignnone size-full wp-image-194253 aligncenter\" src=\"http:\/\/www.politicosdosuldabahia.com.br\/v1\/wp-content\/uploads\/2025\/10\/WhatsApp-Image-2025-10-27-at-11.52.07.jpeg\" alt=\"\" width=\"455\" height=\"341\" srcset=\"https:\/\/www.politicosdosuldabahia.com.br\/v1\/wp-content\/uploads\/2025\/10\/WhatsApp-Image-2025-10-27-at-11.52.07.jpeg 455w, https:\/\/www.politicosdosuldabahia.com.br\/v1\/wp-content\/uploads\/2025\/10\/WhatsApp-Image-2025-10-27-at-11.52.07-300x225.jpeg 300w, https:\/\/www.politicosdosuldabahia.com.br\/v1\/wp-content\/uploads\/2025\/10\/WhatsApp-Image-2025-10-27-at-11.52.07-400x300.jpeg 400w\" sizes=\"(max-width: 455px) 100vw, 455px\" \/><\/p>\n<h3 style=\"text-align: justify\">A Prefeitura de Ubaitaba realizou neste domingo (26) a 1\u00aa edi\u00e7\u00e3o do Brinca Cidade \u2013 Mundo Encantado das Crian\u00e7as, um evento repleto de alegria, magia e divers\u00e3o dedicado especialmente aos pequenos do munic\u00edpio. A Beira Rio se transformou em um cen\u00e1rio l\u00fadico, colorido e encantador, reunindo centenas de fam\u00edlias para celebrar o Dia das Crian\u00e7as em grande estilo.<\/h3>\n<h3 style=\"text-align: justify\">O espa\u00e7o foi tomado por risadas, brincadeiras e muitas atividades recreativas. A energia contagiante tomou conta de todos que participaram dessa grande festa, marcada pelo sorriso e pelo brilho nos olhos das crian\u00e7as.<\/h3>\n<h3 style=\"text-align: justify\">A prefeita Gracinha Viana comemorou o sucesso do evento e destacou a import\u00e2ncia de proporcionar momentos de lazer e conviv\u00eancia para as fam\u00edlias ubaitabenses.<\/h3>\n<h3 style=\"text-align: justify\">\u201cHoje realizamos a 1\u00aa edi\u00e7\u00e3o do Brinca Cidade, uma festa linda e especial em comemora\u00e7\u00e3o ao Dia das Crian\u00e7as. A Beira Rio foi tomada por uma energia contagiante: a alegria e o sorriso dos nossos pequenos iluminaram todo o espa\u00e7o. Quero agradecer de cora\u00e7\u00e3o a toda equipe envolvida na organiza\u00e7\u00e3o do evento, pelo empenho, dedica\u00e7\u00e3o e carinho em cada detalhe. O resultado n\u00e3o poderia ser diferente: um verdadeiro sucesso!\u201d, declarou.<\/h3>\n<h3 style=\"text-align: justify\">A gestora tamb\u00e9m agradeceu aos parceiros e colaboradores que contribu\u00edram para a realiza\u00e7\u00e3o do Brinca Cidade, em especial \u00e0 SUDESB, por meio do Governo do Estado, pelo apoio e parceria de sempre.<\/h3>\n<h3 style=\"text-align: justify\">Com atividades voltadas ao p\u00fablico infantil, guloseimas e diversas atra\u00e7\u00f5es, o evento refor\u00e7ou o compromisso da administra\u00e7\u00e3o municipal com o bem-estar das crian\u00e7as e das fam\u00edlias de Ubaitaba.<\/h3>\n<h3 style=\"text-align: justify\">Encerrando o dia de celebra\u00e7\u00e3o, a prefeita afirmou que o Brinca Cidade entrou para o calend\u00e1rio de eventos da cidade:<\/h3>\n<h3 style=\"text-align: justify\">\u201cCom a permiss\u00e3o de Deus, em 2026 ser\u00e1 ainda melhor!\u201d, garantiu.<\/h3>\n<h3 style=\"text-align: justify\">O sucesso da primeira edi\u00e7\u00e3o consolida o Brinca Cidade como um marco no calend\u00e1rio social de Ubaitaba, refor\u00e7ando o compromisso da Prefeitura em promover momentos de alegria, uni\u00e3o e inclus\u00e3o para toda a comunidade.<\/h3>\n","protected":false},"excerpt":{"rendered":"<p>A Prefeitura de Ubaitaba realizou neste domingo (26) a 1\u00aa edi\u00e7\u00e3o do Brinca Cidade \u2013 Mundo Encantado das Crian\u00e7as, um evento repleto de alegria, magia e divers\u00e3o dedicado especialmente aos pequenos do munic\u00edpio. A Beira Rio se transformou em um cen\u00e1rio l\u00fadico, colorido e encantador, reunindo centenas de fam\u00edlias para celebrar o Dia das Crian\u00e7as [&hellip;]<\/p>\n","protected":false},"author":992,"featured_media":194253,"comment_status":"open","ping_status":"closed","sticky":false,"template":"","format":"standard","meta":{"footnotes":"","_links_to":"","_links_to_target":""},"categories":[3],"tags":[],"class_list":["post-194252","post","type-post","status-publish","format-standard","has-post-thumbnail","hentry","category-cidades"],"views":169,"_links":{"self":[{"href":"https:\/\/www.politicosdosuldabahia.com.br\/v1\/wp-json\/wp\/v2\/posts\/194252"}],"collection":[{"href":"https:\/\/www.politicosdosuldabahia.com.br\/v1\/wp-json\/wp\/v2\/posts"}],"about":[{"href":"https:\/\/www.politicosdosuldabahia.com.br\/v1\/wp-json\/wp\/v2\/types\/post"}],"author":[{"embeddable":true,"href":"https:\/\/www.politicosdosuldabahia.com.br\/v1\/wp-json\/wp\/v2\/users\/992"}],"replies":[{"embeddable":true,"href":"https:\/\/www.politicosdosuldabahia.com.br\/v1\/wp-json\/wp\/v2\/comments?post=194252"}],"version-history":[{"count":1,"href":"https:\/\/www.politicosdosuldabahia.com.br\/v1\/wp-json\/wp\/v2\/posts\/194252\/revisions"}],"predecessor-version":[{"id":194254,"href":"https:\/\/www.politicosdosuldabahia.com.br\/v1\/wp-json\/wp\/v2\/posts\/194252\/revisions\/194254"}],"wp:featuredmedia":[{"embeddable":true,"href":"https:\/\/www.politicosdosuldabahia.com.br\/v1\/wp-json\/wp\/v2\/media\/194253"}],"wp:attachment":[{"href":"https:\/\/www.politicosdosuldabahia.com.br\/v1\/wp-json\/wp\/v2\/media?parent=194252"}],"wp:term":[{"taxonomy":"category","embeddable":true,"href":"https:\/\/www.politicosdosuldabahia.com.br\/v1\/wp-json\/wp\/v2\/categories?post=194252"},{"taxonomy":"post_tag","embeddable":true,"href":"https:\/\/www.politicosdosuldabahia.com.br\/v1\/wp-json\/wp\/v2\/tags?post=194252"}],"curies":[{"name":"wp","href":"https:\/\/api.w.org\/{rel}","templated":true}]}}