
{"id":194015,"date":"2025-10-17T18:53:11","date_gmt":"2025-10-17T21:53:11","guid":{"rendered":"https:\/\/www.politicosdosuldabahia.com.br\/v1\/?p=194015"},"modified":"2025-10-17T18:53:11","modified_gmt":"2025-10-17T21:53:11","slug":"itabuna-vereador-thales-silva-realiza-sessao-especial-na-camara-de-vereadores-para-tratar-sobre-a-importancia-do-vetor-militar-nas-escolas","status":"publish","type":"post","link":"https:\/\/www.politicosdosuldabahia.com.br\/v1\/2025\/10\/17\/itabuna-vereador-thales-silva-realiza-sessao-especial-na-camara-de-vereadores-para-tratar-sobre-a-importancia-do-vetor-militar-nas-escolas\/","title":{"rendered":"ITABUNA: VEREADOR THALES SILVA REALIZA SESS\u00c3O ESPECIAL NA C\u00c2MARA DE VEREADORES PARA TRATAR SOBRE A IMPORTANCIA DO VETOR MILITAR NAS ESCOLAS"},"content":{"rendered":"<p><img loading=\"lazy\" decoding=\"async\" class=\"wp-image-194016 aligncenter\" src=\"http:\/\/www.politicosdosuldabahia.com.br\/v1\/wp-content\/uploads\/2025\/10\/WhatsApp-Image-2025-10-17-at-12.11.16.jpeg\" alt=\"\" width=\"455\" height=\"236\" srcset=\"https:\/\/www.politicosdosuldabahia.com.br\/v1\/wp-content\/uploads\/2025\/10\/WhatsApp-Image-2025-10-17-at-12.11.16.jpeg 1280w, https:\/\/www.politicosdosuldabahia.com.br\/v1\/wp-content\/uploads\/2025\/10\/WhatsApp-Image-2025-10-17-at-12.11.16-300x156.jpeg 300w, https:\/\/www.politicosdosuldabahia.com.br\/v1\/wp-content\/uploads\/2025\/10\/WhatsApp-Image-2025-10-17-at-12.11.16-1024x531.jpeg 1024w, https:\/\/www.politicosdosuldabahia.com.br\/v1\/wp-content\/uploads\/2025\/10\/WhatsApp-Image-2025-10-17-at-12.11.16-768x398.jpeg 768w\" sizes=\"(max-width: 455px) 100vw, 455px\" \/><\/p>\n<h3 style=\"text-align: justify\">Nesta quinta-feira, 16 de outubro, O Vereador Thales Silva (Republicanos) realizou uma uma Sess\u00e3o Especial na C\u00e2mara de Vereadores de Itabuna onde tratou sobre a import\u00e2ncia da implementa\u00e7\u00e3o da disciplina nas escolas p\u00fablicas, atrav\u00e9s do vetor militar.<\/h3>\n<h3 style=\"text-align: justify\">A sess\u00e3o contou com a presen\u00e7a de alunos, pais, professores e coordenadores que lotaram o plen\u00e1rio da C\u00e2mara, onde pudemos ressaltar a import\u00e2ncia do vetor militar como instrumento de educa\u00e7\u00e3o e disciplina nas nossas escolas.<\/h3>\n<h3 style=\"text-align: justify\">O momento foi marcado pela emo\u00e7\u00e3o e pelo reconhecimento do Vetor Disciplinar como um instrumento eficaz de forma\u00e7\u00e3o de valores, cidadania e respeito. Momentos como esse mostram o quanto a parceria entre escola, fam\u00edlia e poder p\u00fablico \u00e9 capaz de transformar vidas, \u00e9 importante que possamos aumentar esse numero de escolas n\u00e3o s\u00f3 em Itabuna como em toda a Bahia.<\/h3>\n<h3 style=\"text-align: justify\">O objetivo maior da sess\u00e3o especial, foi ouvir os pares sobre as experi\u00eancias obtidas com a implanta\u00e7\u00e3o do Vetor Disciplinar nas escolas: Col\u00e9gio Fl\u00e1vio Sim\u00f5es, Col\u00e9gio IMEAM e Col\u00e9gio CAIC, esses, da Rede Municipal de Ensino.<\/h3>\n<h3 style=\"text-align: justify\">Os resultados apresentados nos depoimentos reafirmam a relev\u00e2ncia do projeto e inspiram para que, a partir dessa importante Sess\u00e3o, sejam elaborados relat\u00f3rios e encaminhadas solicita\u00e7\u00f5es ao Prefeito Augusto Castro e ao Governador Jer\u00f4nimo Rodrigues, visando \u00e0 amplia\u00e7\u00e3o do n\u00famero de comunidades escolares integradas ao programa, disse o Vereador Thales Silva.<\/h3>\n","protected":false},"excerpt":{"rendered":"<p>Nesta quinta-feira, 16 de outubro, O Vereador Thales Silva (Republicanos) realizou uma uma Sess\u00e3o Especial na C\u00e2mara de Vereadores de Itabuna onde tratou sobre a import\u00e2ncia da implementa\u00e7\u00e3o da disciplina nas escolas p\u00fablicas, atrav\u00e9s do vetor militar. A sess\u00e3o contou com a presen\u00e7a de alunos, pais, professores e coordenadores que lotaram o plen\u00e1rio da C\u00e2mara, [&hellip;]<\/p>\n","protected":false},"author":992,"featured_media":194016,"comment_status":"open","ping_status":"closed","sticky":false,"template":"","format":"standard","meta":{"footnotes":"","_links_to":"","_links_to_target":""},"categories":[3],"tags":[],"class_list":["post-194015","post","type-post","status-publish","format-standard","has-post-thumbnail","hentry","category-cidades"],"views":248,"_links":{"self":[{"href":"https:\/\/www.politicosdosuldabahia.com.br\/v1\/wp-json\/wp\/v2\/posts\/194015"}],"collection":[{"href":"https:\/\/www.politicosdosuldabahia.com.br\/v1\/wp-json\/wp\/v2\/posts"}],"about":[{"href":"https:\/\/www.politicosdosuldabahia.com.br\/v1\/wp-json\/wp\/v2\/types\/post"}],"author":[{"embeddable":true,"href":"https:\/\/www.politicosdosuldabahia.com.br\/v1\/wp-json\/wp\/v2\/users\/992"}],"replies":[{"embeddable":true,"href":"https:\/\/www.politicosdosuldabahia.com.br\/v1\/wp-json\/wp\/v2\/comments?post=194015"}],"version-history":[{"count":1,"href":"https:\/\/www.politicosdosuldabahia.com.br\/v1\/wp-json\/wp\/v2\/posts\/194015\/revisions"}],"predecessor-version":[{"id":194017,"href":"https:\/\/www.politicosdosuldabahia.com.br\/v1\/wp-json\/wp\/v2\/posts\/194015\/revisions\/194017"}],"wp:featuredmedia":[{"embeddable":true,"href":"https:\/\/www.politicosdosuldabahia.com.br\/v1\/wp-json\/wp\/v2\/media\/194016"}],"wp:attachment":[{"href":"https:\/\/www.politicosdosuldabahia.com.br\/v1\/wp-json\/wp\/v2\/media?parent=194015"}],"wp:term":[{"taxonomy":"category","embeddable":true,"href":"https:\/\/www.politicosdosuldabahia.com.br\/v1\/wp-json\/wp\/v2\/categories?post=194015"},{"taxonomy":"post_tag","embeddable":true,"href":"https:\/\/www.politicosdosuldabahia.com.br\/v1\/wp-json\/wp\/v2\/tags?post=194015"}],"curies":[{"name":"wp","href":"https:\/\/api.w.org\/{rel}","templated":true}]}}