
{"id":194011,"date":"2025-10-17T17:19:12","date_gmt":"2025-10-17T20:19:12","guid":{"rendered":"https:\/\/www.politicosdosuldabahia.com.br\/v1\/?p=194011"},"modified":"2025-10-17T17:53:51","modified_gmt":"2025-10-17T20:53:51","slug":"itabuna-provedoria-da-santa-casa-discute-avancos-na-oncologia-com-governo-do-estado-e-prefeitura","status":"publish","type":"post","link":"https:\/\/www.politicosdosuldabahia.com.br\/v1\/2025\/10\/17\/itabuna-provedoria-da-santa-casa-discute-avancos-na-oncologia-com-governo-do-estado-e-prefeitura\/","title":{"rendered":"ITABUNA: PROVEDORIA DA SANTA CASA DISCUTE AVAN\u00c7OS NA ONCOLOGIA COM GOVERNO DO ESTADO E PREFEITURA"},"content":{"rendered":"<p><img loading=\"lazy\" decoding=\"async\" class=\"size-full wp-image-194012 aligncenter\" src=\"http:\/\/www.politicosdosuldabahia.com.br\/v1\/wp-content\/uploads\/2025\/10\/WhatsApp-Image-2025-10-17-at-16.53.40.jpeg\" alt=\"\" width=\"455\" height=\"341\" srcset=\"https:\/\/www.politicosdosuldabahia.com.br\/v1\/wp-content\/uploads\/2025\/10\/WhatsApp-Image-2025-10-17-at-16.53.40.jpeg 455w, https:\/\/www.politicosdosuldabahia.com.br\/v1\/wp-content\/uploads\/2025\/10\/WhatsApp-Image-2025-10-17-at-16.53.40-300x225.jpeg 300w, https:\/\/www.politicosdosuldabahia.com.br\/v1\/wp-content\/uploads\/2025\/10\/WhatsApp-Image-2025-10-17-at-16.53.40-400x300.jpeg 400w\" sizes=\"(max-width: 455px) 100vw, 455px\" \/><\/p>\n<h3 style=\"text-align: justify\">A Provedoria da Santa Casa de Miseric\u00f3rdia de Itabuna cumpriu, nesta semana, uma importante agenda institucional com o Deputado Federal Paulo Magalh\u00e3es, o prefeito de Itabuna, Augusto Castro, e a secret\u00e1ria de Sa\u00fade do Estado da Bahia, Roberta Santana, para tratar de temas estrat\u00e9gicos voltados ao fortalecimento da assist\u00eancia oncol\u00f3gica no sul da Bahia.<\/h3>\n<h3 style=\"text-align: justify\">O encontro teve como principal pauta a contratualiza\u00e7\u00e3o do Servi\u00e7o de Oncologia Pedi\u00e1trica, al\u00e9m da apresenta\u00e7\u00e3o de um conjunto de projetos priorit\u00e1rios que visam a amplia\u00e7\u00e3o, moderniza\u00e7\u00e3o e sustentabilidade dos servi\u00e7os oferecidos pela institui\u00e7\u00e3o.<\/h3>\n<h3 style=\"text-align: justify\">A reuni\u00e3o contou tamb\u00e9m com a presen\u00e7a da primeira-dama de Itabuna, Andr\u00e9a Castro, madrinha da Oncologia Pedi\u00e1trica da Santa Casa, que vem desempenhando um papel fundamental na articula\u00e7\u00e3o com o Governo do Estado para o avan\u00e7o das pautas institucionais.<\/h3>\n<h3 style=\"text-align: justify\">De acordo com o vice-provedor da Santa Casa, Peter Deviris, a agenda representa um passo importante para a consolida\u00e7\u00e3o da oncologia como uma das principais linhas de cuidado da institui\u00e7\u00e3o.\u201cA Santa Casa \u00e9 refer\u00eancia em tratamento oncol\u00f3gico no interior da Bahia e tem atuado com seriedade e compromisso para garantir acesso \u00e0 popula\u00e7\u00e3o e sustentabilidade ao servi\u00e7o. Essa interlocu\u00e7\u00e3o com o Governo do Estado e com a Prefeitura \u00e9 essencial para que possamos ampliar a capacidade de atendimento, modernizar equipamentos e assegurar o reconhecimento da oncologia pedi\u00e1trica como servi\u00e7o habilitado e estruturado\u201d, destacou Deviris.<\/h3>\n<h3 style=\"text-align: justify\">O 1\u00ba tesoureiro da institui\u00e7\u00e3o, Andr\u00e9 Wermann, tamb\u00e9m ressaltou a import\u00e2ncia do di\u00e1logo para o fortalecimento da rede regional.\u201cTemos projetos consistentes e uma equipe altamente qualificada. O apoio do Estado e do Munic\u00edpio \u00e9 determinante para que esses projetos se tornem realidade e para que continuemos garantindo tratamento de qualidade, com tecnologia e humaniza\u00e7\u00e3o, a pacientes de todo o sul da Bahia\u201d, afirmou.<\/h3>\n","protected":false},"excerpt":{"rendered":"<p>A Provedoria da Santa Casa de Miseric\u00f3rdia de Itabuna cumpriu, nesta semana, uma importante agenda institucional com o Deputado Federal Paulo Magalh\u00e3es, o prefeito de Itabuna, Augusto Castro, e a secret\u00e1ria de Sa\u00fade do Estado da Bahia, Roberta Santana, para tratar de temas estrat\u00e9gicos voltados ao fortalecimento da assist\u00eancia oncol\u00f3gica no sul da Bahia. O [&hellip;]<\/p>\n","protected":false},"author":992,"featured_media":194012,"comment_status":"open","ping_status":"closed","sticky":false,"template":"","format":"standard","meta":{"footnotes":"","_links_to":"","_links_to_target":""},"categories":[3],"tags":[],"class_list":["post-194011","post","type-post","status-publish","format-standard","has-post-thumbnail","hentry","category-cidades"],"views":168,"_links":{"self":[{"href":"https:\/\/www.politicosdosuldabahia.com.br\/v1\/wp-json\/wp\/v2\/posts\/194011"}],"collection":[{"href":"https:\/\/www.politicosdosuldabahia.com.br\/v1\/wp-json\/wp\/v2\/posts"}],"about":[{"href":"https:\/\/www.politicosdosuldabahia.com.br\/v1\/wp-json\/wp\/v2\/types\/post"}],"author":[{"embeddable":true,"href":"https:\/\/www.politicosdosuldabahia.com.br\/v1\/wp-json\/wp\/v2\/users\/992"}],"replies":[{"embeddable":true,"href":"https:\/\/www.politicosdosuldabahia.com.br\/v1\/wp-json\/wp\/v2\/comments?post=194011"}],"version-history":[{"count":2,"href":"https:\/\/www.politicosdosuldabahia.com.br\/v1\/wp-json\/wp\/v2\/posts\/194011\/revisions"}],"predecessor-version":[{"id":194014,"href":"https:\/\/www.politicosdosuldabahia.com.br\/v1\/wp-json\/wp\/v2\/posts\/194011\/revisions\/194014"}],"wp:featuredmedia":[{"embeddable":true,"href":"https:\/\/www.politicosdosuldabahia.com.br\/v1\/wp-json\/wp\/v2\/media\/194012"}],"wp:attachment":[{"href":"https:\/\/www.politicosdosuldabahia.com.br\/v1\/wp-json\/wp\/v2\/media?parent=194011"}],"wp:term":[{"taxonomy":"category","embeddable":true,"href":"https:\/\/www.politicosdosuldabahia.com.br\/v1\/wp-json\/wp\/v2\/categories?post=194011"},{"taxonomy":"post_tag","embeddable":true,"href":"https:\/\/www.politicosdosuldabahia.com.br\/v1\/wp-json\/wp\/v2\/tags?post=194011"}],"curies":[{"name":"wp","href":"https:\/\/api.w.org\/{rel}","templated":true}]}}