
{"id":193968,"date":"2025-10-16T11:11:21","date_gmt":"2025-10-16T14:11:21","guid":{"rendered":"https:\/\/www.politicosdosuldabahia.com.br\/v1\/?p=193968"},"modified":"2025-10-16T11:11:21","modified_gmt":"2025-10-16T14:11:21","slug":"arataca-prefeito-ferlu-mansur-articula-avancos-em-reuniao-com-deputado-e-secretario","status":"publish","type":"post","link":"https:\/\/www.politicosdosuldabahia.com.br\/v1\/2025\/10\/16\/arataca-prefeito-ferlu-mansur-articula-avancos-em-reuniao-com-deputado-e-secretario\/","title":{"rendered":"ARATACA: PREFEITO FERL\u00da MANSUR ARTICULA AVAN\u00c7OS EM REUNI\u00c3O COM DEPUTADO E SECRET\u00c1RIO"},"content":{"rendered":"<p><img loading=\"lazy\" decoding=\"async\" class=\"aligncenter wp-image-193969\" src=\"http:\/\/www.politicosdosuldabahia.com.br\/v1\/wp-content\/uploads\/2025\/10\/WhatsApp-Image-2025-10-15-at-16.48.06.jpeg\" alt=\"\" width=\"455\" height=\"269\" srcset=\"https:\/\/www.politicosdosuldabahia.com.br\/v1\/wp-content\/uploads\/2025\/10\/WhatsApp-Image-2025-10-15-at-16.48.06.jpeg 1112w, https:\/\/www.politicosdosuldabahia.com.br\/v1\/wp-content\/uploads\/2025\/10\/WhatsApp-Image-2025-10-15-at-16.48.06-300x178.jpeg 300w, https:\/\/www.politicosdosuldabahia.com.br\/v1\/wp-content\/uploads\/2025\/10\/WhatsApp-Image-2025-10-15-at-16.48.06-1024x606.jpeg 1024w, https:\/\/www.politicosdosuldabahia.com.br\/v1\/wp-content\/uploads\/2025\/10\/WhatsApp-Image-2025-10-15-at-16.48.06-768x454.jpeg 768w\" sizes=\"(max-width: 455px) 100vw, 455px\" \/><\/p>\n<h3 style=\"text-align: justify\">Em busca de refor\u00e7ar pontes e parcerias para o avan\u00e7o de Arataca, o Prefeito Ferl\u00fa Mansur (PSD) e o Secret\u00e1rio de Governo Renato Freitas participaram de uma importante reuni\u00e3o com o Deputado Estadual Angelo Coronel Filho(PSD) e o Secret\u00e1rio de Rela\u00e7\u00f5es Institucionais da Bahia, Adolpho Loyola.<\/h3>\n<h3 style=\"text-align: justify\">Durante o encontro, foram apresentadas pautas importantes para o desenvolvimento do munic\u00edpio, buscando obras estruturantes que melhorem a qualidade de vida da popula\u00e7\u00e3o.<\/h3>\n<h3 style=\"text-align: justify\">Al\u00e9m disso, foi confirmada a visita do Governador Jer\u00f4nimo Rodrigues a Arataca, prevista para fevereiro de 2026. Na ocasi\u00e3o, o governador dever\u00e1 inaugurar o Col\u00e9gio Estadual Modelo, o Est\u00e1dio Municipal, o Complexo da Pol\u00edcia Militar, o Feira Municipal e a pavimenta\u00e7\u00e3o asf\u00e1ltica que liga a BR-101 ao Distrito de Anur\u00ed.<\/h3>\n","protected":false},"excerpt":{"rendered":"<p>Em busca de refor\u00e7ar pontes e parcerias para o avan\u00e7o de Arataca, o Prefeito Ferl\u00fa Mansur (PSD) e o Secret\u00e1rio de Governo Renato Freitas participaram de uma importante reuni\u00e3o com o Deputado Estadual Angelo Coronel Filho(PSD) e o Secret\u00e1rio de Rela\u00e7\u00f5es Institucionais da Bahia, Adolpho Loyola. Durante o encontro, foram apresentadas pautas importantes para o [&hellip;]<\/p>\n","protected":false},"author":992,"featured_media":193969,"comment_status":"open","ping_status":"closed","sticky":false,"template":"","format":"standard","meta":{"footnotes":"","_links_to":"","_links_to_target":""},"categories":[3],"tags":[],"class_list":["post-193968","post","type-post","status-publish","format-standard","has-post-thumbnail","hentry","category-cidades"],"views":245,"_links":{"self":[{"href":"https:\/\/www.politicosdosuldabahia.com.br\/v1\/wp-json\/wp\/v2\/posts\/193968"}],"collection":[{"href":"https:\/\/www.politicosdosuldabahia.com.br\/v1\/wp-json\/wp\/v2\/posts"}],"about":[{"href":"https:\/\/www.politicosdosuldabahia.com.br\/v1\/wp-json\/wp\/v2\/types\/post"}],"author":[{"embeddable":true,"href":"https:\/\/www.politicosdosuldabahia.com.br\/v1\/wp-json\/wp\/v2\/users\/992"}],"replies":[{"embeddable":true,"href":"https:\/\/www.politicosdosuldabahia.com.br\/v1\/wp-json\/wp\/v2\/comments?post=193968"}],"version-history":[{"count":1,"href":"https:\/\/www.politicosdosuldabahia.com.br\/v1\/wp-json\/wp\/v2\/posts\/193968\/revisions"}],"predecessor-version":[{"id":193970,"href":"https:\/\/www.politicosdosuldabahia.com.br\/v1\/wp-json\/wp\/v2\/posts\/193968\/revisions\/193970"}],"wp:featuredmedia":[{"embeddable":true,"href":"https:\/\/www.politicosdosuldabahia.com.br\/v1\/wp-json\/wp\/v2\/media\/193969"}],"wp:attachment":[{"href":"https:\/\/www.politicosdosuldabahia.com.br\/v1\/wp-json\/wp\/v2\/media?parent=193968"}],"wp:term":[{"taxonomy":"category","embeddable":true,"href":"https:\/\/www.politicosdosuldabahia.com.br\/v1\/wp-json\/wp\/v2\/categories?post=193968"},{"taxonomy":"post_tag","embeddable":true,"href":"https:\/\/www.politicosdosuldabahia.com.br\/v1\/wp-json\/wp\/v2\/tags?post=193968"}],"curies":[{"name":"wp","href":"https:\/\/api.w.org\/{rel}","templated":true}]}}