
{"id":193964,"date":"2025-10-16T11:01:59","date_gmt":"2025-10-16T14:01:59","guid":{"rendered":"https:\/\/www.politicosdosuldabahia.com.br\/v1\/?p=193964"},"modified":"2025-10-16T11:01:59","modified_gmt":"2025-10-16T14:01:59","slug":"ilheus-prefeitura-regulamenta-funcionamento-de-food-trucks-no-municipio","status":"publish","type":"post","link":"https:\/\/www.politicosdosuldabahia.com.br\/v1\/2025\/10\/16\/ilheus-prefeitura-regulamenta-funcionamento-de-food-trucks-no-municipio\/","title":{"rendered":"ILH\u00c9US: PREFEITURA REGULAMENTA FUNCIONAMENTO DE FOOD TRUCKS NO MUNIC\u00cdPIO"},"content":{"rendered":"<p>&nbsp;<\/p>\n<p><img loading=\"lazy\" decoding=\"async\" class=\"wp-image-193965 aligncenter\" src=\"http:\/\/www.politicosdosuldabahia.com.br\/v1\/wp-content\/uploads\/2025\/10\/WhatsApp-Image-2025-10-15-at-16.22.57.jpeg\" alt=\"\" width=\"455\" height=\"315\" srcset=\"https:\/\/www.politicosdosuldabahia.com.br\/v1\/wp-content\/uploads\/2025\/10\/WhatsApp-Image-2025-10-15-at-16.22.57.jpeg 650w, https:\/\/www.politicosdosuldabahia.com.br\/v1\/wp-content\/uploads\/2025\/10\/WhatsApp-Image-2025-10-15-at-16.22.57-300x208.jpeg 300w\" sizes=\"(max-width: 455px) 100vw, 455px\" \/><\/p>\n<h4 style=\"text-align: center\"><strong><em>Medida busca organizar o uso dos espa\u00e7os p\u00fablicos, promovendo um ambiente mais seguro e harmonioso<\/em><\/strong><\/h4>\n<h3 style=\"text-align: justify\">A Prefeitura de Ilh\u00e9us publicou o Decreto n\u00ba 886\/2025, que regulamenta a comercializa\u00e7\u00e3o de alimentos em trailers, caminh\u00f5es, furg\u00f5es e equipamentos similares, conhecidos como food trucks, food bikes, trailers e food car, nas \u00e1reas do Centro Hist\u00f3rico e adjac\u00eancias do munic\u00edpio.<\/h3>\n<h3 style=\"text-align: justify\">O Decreto foi publicado no Di\u00e1rio Oficial do dia 13 de outubro de 2025 e define crit\u00e9rios para funcionamento, licenciamento e fiscaliza\u00e7\u00e3o das atividades, al\u00e9m de estabelecer regras sanit\u00e1rias, ambientais e de uso do espa\u00e7o p\u00fablico. O texto tamb\u00e9m suspende, por 90 dias, as autoriza\u00e7\u00f5es j\u00e1 concedidas, per\u00edodo em que os empreendedores dever\u00e3o se recadastrar junto \u00e0 Secretaria Municipal de Desenvolvimento Econ\u00f4mico e Inova\u00e7\u00e3o.<\/h3>\n<h3 style=\"text-align: justify\">Entre os pontos principais, o texto prev\u00ea que as licen\u00e7as ser\u00e3o pessoais e intransfer\u00edveis, priorizando quem j\u00e1 atua regularmente, e determina que a opera\u00e7\u00e3o s\u00f3 poder\u00e1 ocorrer mediante autoriza\u00e7\u00e3o municipal. A regulamenta\u00e7\u00e3o tamb\u00e9m pro\u00edbe o funcionamento sem licen\u00e7a, sujeitando o infrator a san\u00e7\u00f5es como multa, apreens\u00e3o de equipamentos e revoga\u00e7\u00e3o do alvar\u00e1.<\/h3>\n<h3 style=\"text-align: justify\">Com a medida, a Prefeitura busca organizar o uso dos espa\u00e7os p\u00fablicos, promovendo um ambiente mais seguro, limpo e harmonioso para comerciantes, moradores e turistas.<\/h3>\n<h3 style=\"text-align: justify\">Mais informa\u00e7\u00f5es podem ser consultadas no Decreto n\u00ba 886\/2025, dispon\u00edvel no site oficial da Prefeitura de Ilh\u00e9us.<\/h3>\n","protected":false},"excerpt":{"rendered":"<p>&nbsp; Medida busca organizar o uso dos espa\u00e7os p\u00fablicos, promovendo um ambiente mais seguro e harmonioso A Prefeitura de Ilh\u00e9us publicou o Decreto n\u00ba 886\/2025, que regulamenta a comercializa\u00e7\u00e3o de alimentos em trailers, caminh\u00f5es, furg\u00f5es e equipamentos similares, conhecidos como food trucks, food bikes, trailers e food car, nas \u00e1reas do Centro Hist\u00f3rico e adjac\u00eancias [&hellip;]<\/p>\n","protected":false},"author":992,"featured_media":193965,"comment_status":"open","ping_status":"closed","sticky":false,"template":"","format":"standard","meta":{"footnotes":"","_links_to":"","_links_to_target":""},"categories":[3],"tags":[],"class_list":["post-193964","post","type-post","status-publish","format-standard","has-post-thumbnail","hentry","category-cidades"],"views":198,"_links":{"self":[{"href":"https:\/\/www.politicosdosuldabahia.com.br\/v1\/wp-json\/wp\/v2\/posts\/193964"}],"collection":[{"href":"https:\/\/www.politicosdosuldabahia.com.br\/v1\/wp-json\/wp\/v2\/posts"}],"about":[{"href":"https:\/\/www.politicosdosuldabahia.com.br\/v1\/wp-json\/wp\/v2\/types\/post"}],"author":[{"embeddable":true,"href":"https:\/\/www.politicosdosuldabahia.com.br\/v1\/wp-json\/wp\/v2\/users\/992"}],"replies":[{"embeddable":true,"href":"https:\/\/www.politicosdosuldabahia.com.br\/v1\/wp-json\/wp\/v2\/comments?post=193964"}],"version-history":[{"count":1,"href":"https:\/\/www.politicosdosuldabahia.com.br\/v1\/wp-json\/wp\/v2\/posts\/193964\/revisions"}],"predecessor-version":[{"id":193966,"href":"https:\/\/www.politicosdosuldabahia.com.br\/v1\/wp-json\/wp\/v2\/posts\/193964\/revisions\/193966"}],"wp:featuredmedia":[{"embeddable":true,"href":"https:\/\/www.politicosdosuldabahia.com.br\/v1\/wp-json\/wp\/v2\/media\/193965"}],"wp:attachment":[{"href":"https:\/\/www.politicosdosuldabahia.com.br\/v1\/wp-json\/wp\/v2\/media?parent=193964"}],"wp:term":[{"taxonomy":"category","embeddable":true,"href":"https:\/\/www.politicosdosuldabahia.com.br\/v1\/wp-json\/wp\/v2\/categories?post=193964"},{"taxonomy":"post_tag","embeddable":true,"href":"https:\/\/www.politicosdosuldabahia.com.br\/v1\/wp-json\/wp\/v2\/tags?post=193964"}],"curies":[{"name":"wp","href":"https:\/\/api.w.org\/{rel}","templated":true}]}}