
{"id":193961,"date":"2025-10-16T10:53:41","date_gmt":"2025-10-16T13:53:41","guid":{"rendered":"https:\/\/www.politicosdosuldabahia.com.br\/v1\/?p=193961"},"modified":"2025-10-16T10:53:41","modified_gmt":"2025-10-16T13:53:41","slug":"coaraci-prepara-programacao-especial-para-celebrar-o-dia-das-criancas","status":"publish","type":"post","link":"https:\/\/www.politicosdosuldabahia.com.br\/v1\/2025\/10\/16\/coaraci-prepara-programacao-especial-para-celebrar-o-dia-das-criancas\/","title":{"rendered":"COARACI PREPARA PROGRAMA\u00c7\u00c3O ESPECIAL PARA CELEBRAR O DIA DAS CRIAN\u00c7AS"},"content":{"rendered":"<p><img loading=\"lazy\" decoding=\"async\" class=\"alignnone size-full wp-image-193962 aligncenter\" src=\"http:\/\/www.politicosdosuldabahia.com.br\/v1\/wp-content\/uploads\/2025\/10\/WhatsApp-Image-2025-10-16-at-10.28.17.jpeg\" alt=\"\" width=\"364\" height=\"455\" srcset=\"https:\/\/www.politicosdosuldabahia.com.br\/v1\/wp-content\/uploads\/2025\/10\/WhatsApp-Image-2025-10-16-at-10.28.17.jpeg 364w, https:\/\/www.politicosdosuldabahia.com.br\/v1\/wp-content\/uploads\/2025\/10\/WhatsApp-Image-2025-10-16-at-10.28.17-240x300.jpeg 240w\" sizes=\"(max-width: 364px) 100vw, 364px\" \/><\/p>\n<h3 style=\"text-align: justify\">A Prefeitura de Coaraci, por meio da Secretaria de Assist\u00eancia Social, realiza no pr\u00f3ximo domingo, 19 de outubro, a edi\u00e7\u00e3o especial do Coaraci Kids, evento que promete ser o maior e melhor Dia das Crian\u00e7as da hist\u00f3ria do munic\u00edpio.<\/h3>\n<h3 style=\"text-align: justify\">A programa\u00e7\u00e3o acontecer\u00e1 a partir das 14h, na Pra\u00e7a de Eventos, e reunir\u00e1 uma ampla estrutura voltada ao lazer e \u00e0 divers\u00e3o das crian\u00e7as e fam\u00edlias coaracienses. Est\u00e3o previstos mais de 30 brinquedos, brincadeiras aqu\u00e1ticas, lanches, al\u00e9m de diversas atividades recreativas ao longo da tarde.<\/h3>\n<h3 style=\"text-align: justify\">De acordo com a secret\u00e1ria de Assist\u00eancia Social, Leidianne Leonardo, o evento foi planejado com carinho e dedica\u00e7\u00e3o para oferecer \u00e0s crian\u00e7as um dia inesquec\u00edvel.<\/h3>\n<h3 style=\"text-align: justify\">\u201cNosso objetivo \u00e9 proporcionar momentos de alegria e conviv\u00eancia para as fam\u00edlias, celebrando a inf\u00e2ncia e refor\u00e7ando o compromisso da gest\u00e3o municipal com o cuidado e o bem-estar social\u201d, destacou Leidianne.<\/h3>\n<h3 style=\"text-align: justify\">O Coaraci Kids integra o conjunto de a\u00e7\u00f5es da atual administra\u00e7\u00e3o voltadas \u00e0 promo\u00e7\u00e3o do lazer, da inclus\u00e3o e do fortalecimento dos v\u00ednculos comunit\u00e1rios.<\/h3>\n","protected":false},"excerpt":{"rendered":"<p>A Prefeitura de Coaraci, por meio da Secretaria de Assist\u00eancia Social, realiza no pr\u00f3ximo domingo, 19 de outubro, a edi\u00e7\u00e3o especial do Coaraci Kids, evento que promete ser o maior e melhor Dia das Crian\u00e7as da hist\u00f3ria do munic\u00edpio. A programa\u00e7\u00e3o acontecer\u00e1 a partir das 14h, na Pra\u00e7a de Eventos, e reunir\u00e1 uma ampla estrutura [&hellip;]<\/p>\n","protected":false},"author":992,"featured_media":193962,"comment_status":"open","ping_status":"closed","sticky":false,"template":"","format":"standard","meta":{"footnotes":"","_links_to":"","_links_to_target":""},"categories":[3],"tags":[],"class_list":["post-193961","post","type-post","status-publish","format-standard","has-post-thumbnail","hentry","category-cidades"],"views":248,"_links":{"self":[{"href":"https:\/\/www.politicosdosuldabahia.com.br\/v1\/wp-json\/wp\/v2\/posts\/193961"}],"collection":[{"href":"https:\/\/www.politicosdosuldabahia.com.br\/v1\/wp-json\/wp\/v2\/posts"}],"about":[{"href":"https:\/\/www.politicosdosuldabahia.com.br\/v1\/wp-json\/wp\/v2\/types\/post"}],"author":[{"embeddable":true,"href":"https:\/\/www.politicosdosuldabahia.com.br\/v1\/wp-json\/wp\/v2\/users\/992"}],"replies":[{"embeddable":true,"href":"https:\/\/www.politicosdosuldabahia.com.br\/v1\/wp-json\/wp\/v2\/comments?post=193961"}],"version-history":[{"count":1,"href":"https:\/\/www.politicosdosuldabahia.com.br\/v1\/wp-json\/wp\/v2\/posts\/193961\/revisions"}],"predecessor-version":[{"id":193963,"href":"https:\/\/www.politicosdosuldabahia.com.br\/v1\/wp-json\/wp\/v2\/posts\/193961\/revisions\/193963"}],"wp:featuredmedia":[{"embeddable":true,"href":"https:\/\/www.politicosdosuldabahia.com.br\/v1\/wp-json\/wp\/v2\/media\/193962"}],"wp:attachment":[{"href":"https:\/\/www.politicosdosuldabahia.com.br\/v1\/wp-json\/wp\/v2\/media?parent=193961"}],"wp:term":[{"taxonomy":"category","embeddable":true,"href":"https:\/\/www.politicosdosuldabahia.com.br\/v1\/wp-json\/wp\/v2\/categories?post=193961"},{"taxonomy":"post_tag","embeddable":true,"href":"https:\/\/www.politicosdosuldabahia.com.br\/v1\/wp-json\/wp\/v2\/tags?post=193961"}],"curies":[{"name":"wp","href":"https:\/\/api.w.org\/{rel}","templated":true}]}}