
{"id":193958,"date":"2025-10-16T10:52:07","date_gmt":"2025-10-16T13:52:07","guid":{"rendered":"https:\/\/www.politicosdosuldabahia.com.br\/v1\/?p=193958"},"modified":"2025-10-16T10:52:07","modified_gmt":"2025-10-16T13:52:07","slug":"floresta-azul-prefeito-hermanio-bambu-participa-de-reuniao-em-salvador-para-fortalecer-a-educacao","status":"publish","type":"post","link":"https:\/\/www.politicosdosuldabahia.com.br\/v1\/2025\/10\/16\/floresta-azul-prefeito-hermanio-bambu-participa-de-reuniao-em-salvador-para-fortalecer-a-educacao\/","title":{"rendered":"FLORESTA AZUL: PREFEITO HERMANIO BAMBU PARTICIPA DE REUNI\u00c3O EM SALVADOR PARA FORTALECER A EDUCA\u00c7\u00c3O"},"content":{"rendered":"<p><img loading=\"lazy\" decoding=\"async\" class=\"alignnone size-full wp-image-193959 aligncenter\" src=\"http:\/\/www.politicosdosuldabahia.com.br\/v1\/wp-content\/uploads\/2025\/10\/WhatsApp-Image-2025-10-16-at-10.11.16.jpeg\" alt=\"\" width=\"455\" height=\"475\" srcset=\"https:\/\/www.politicosdosuldabahia.com.br\/v1\/wp-content\/uploads\/2025\/10\/WhatsApp-Image-2025-10-16-at-10.11.16.jpeg 455w, https:\/\/www.politicosdosuldabahia.com.br\/v1\/wp-content\/uploads\/2025\/10\/WhatsApp-Image-2025-10-16-at-10.11.16-287x300.jpeg 287w\" sizes=\"(max-width: 455px) 100vw, 455px\" \/><\/p>\n<h4 style=\"text-align: center\"><em>Encontro discutiu a implanta\u00e7\u00e3o do Sistema de Gest\u00e3o Educacional e contou com a presen\u00e7a dos irm\u00e3os Minotouro e Minotauro, que apresentaram o projeto \u201cEsporte para al\u00e9m das fronteiras\u201d<\/em><\/h4>\n<h3 style=\"text-align: justify\">Na capital baiana, o prefeito de Floresta Azul, Hermanio Leonardo (Bambu), participou de uma importante reuni\u00e3o voltada ao fortalecimento da rede municipal de ensino. O encontro teve como foco o planejamento para implanta\u00e7\u00e3o do Sistema de Gest\u00e3o Educacional, que visa modernizar as escolas, otimizar os processos administrativos e elevar a qualidade do ensino oferecido aos estudantes florestenses.<\/h3>\n<h3 style=\"text-align: justify\">Durante a reuni\u00e3o, tamb\u00e9m foram discutidas novas parcerias para aprimorar a escola regular e o tempo integral, tornando o ambiente escolar mais completo e din\u00e2mico.<\/h3>\n<h3 style=\"text-align: justify\">Um dos momentos marcantes do evento foi a participa\u00e7\u00e3o dos renomados lutadores Rog\u00e9rio Minotouro e Rodrigo Minotauro, que apresentaram o projeto \u201cEsporte para al\u00e9m das fronteiras \u2013 Artes Marciais nas Escolas\u201d, iniciativa que incentiva a pr\u00e1tica esportiva aliada a valores como disciplina, foco e supera\u00e7\u00e3o.<\/h3>\n<h3 style=\"text-align: justify\">\u201cHoje participei de uma importante reuni\u00e3o para planejar o futuro da nossa rede de ensino. O Sistema de Gest\u00e3o Educacional trar\u00e1 mais modernidade \u00e0s escolas, fortalecendo a organiza\u00e7\u00e3o e a qualidade do ensino\u201d, destacou o prefeito Bambu.<\/h3>\n","protected":false},"excerpt":{"rendered":"<p>Encontro discutiu a implanta\u00e7\u00e3o do Sistema de Gest\u00e3o Educacional e contou com a presen\u00e7a dos irm\u00e3os Minotouro e Minotauro, que apresentaram o projeto \u201cEsporte para al\u00e9m das fronteiras\u201d Na capital baiana, o prefeito de Floresta Azul, Hermanio Leonardo (Bambu), participou de uma importante reuni\u00e3o voltada ao fortalecimento da rede municipal de ensino. O encontro teve [&hellip;]<\/p>\n","protected":false},"author":992,"featured_media":193959,"comment_status":"open","ping_status":"closed","sticky":false,"template":"","format":"standard","meta":{"footnotes":"","_links_to":"","_links_to_target":""},"categories":[3],"tags":[],"class_list":["post-193958","post","type-post","status-publish","format-standard","has-post-thumbnail","hentry","category-cidades"],"views":213,"_links":{"self":[{"href":"https:\/\/www.politicosdosuldabahia.com.br\/v1\/wp-json\/wp\/v2\/posts\/193958"}],"collection":[{"href":"https:\/\/www.politicosdosuldabahia.com.br\/v1\/wp-json\/wp\/v2\/posts"}],"about":[{"href":"https:\/\/www.politicosdosuldabahia.com.br\/v1\/wp-json\/wp\/v2\/types\/post"}],"author":[{"embeddable":true,"href":"https:\/\/www.politicosdosuldabahia.com.br\/v1\/wp-json\/wp\/v2\/users\/992"}],"replies":[{"embeddable":true,"href":"https:\/\/www.politicosdosuldabahia.com.br\/v1\/wp-json\/wp\/v2\/comments?post=193958"}],"version-history":[{"count":1,"href":"https:\/\/www.politicosdosuldabahia.com.br\/v1\/wp-json\/wp\/v2\/posts\/193958\/revisions"}],"predecessor-version":[{"id":193960,"href":"https:\/\/www.politicosdosuldabahia.com.br\/v1\/wp-json\/wp\/v2\/posts\/193958\/revisions\/193960"}],"wp:featuredmedia":[{"embeddable":true,"href":"https:\/\/www.politicosdosuldabahia.com.br\/v1\/wp-json\/wp\/v2\/media\/193959"}],"wp:attachment":[{"href":"https:\/\/www.politicosdosuldabahia.com.br\/v1\/wp-json\/wp\/v2\/media?parent=193958"}],"wp:term":[{"taxonomy":"category","embeddable":true,"href":"https:\/\/www.politicosdosuldabahia.com.br\/v1\/wp-json\/wp\/v2\/categories?post=193958"},{"taxonomy":"post_tag","embeddable":true,"href":"https:\/\/www.politicosdosuldabahia.com.br\/v1\/wp-json\/wp\/v2\/tags?post=193958"}],"curies":[{"name":"wp","href":"https:\/\/api.w.org\/{rel}","templated":true}]}}