
{"id":193955,"date":"2025-10-16T10:50:11","date_gmt":"2025-10-16T13:50:11","guid":{"rendered":"https:\/\/www.politicosdosuldabahia.com.br\/v1\/?p=193955"},"modified":"2025-10-16T10:50:11","modified_gmt":"2025-10-16T13:50:11","slug":"buerarema-poder-legislativo-realiza-8a-sessao-ordinaria-com-explanacao-de-projetos-de-lei-voltados-a-educacao-e-assistencia-social","status":"publish","type":"post","link":"https:\/\/www.politicosdosuldabahia.com.br\/v1\/2025\/10\/16\/buerarema-poder-legislativo-realiza-8a-sessao-ordinaria-com-explanacao-de-projetos-de-lei-voltados-a-educacao-e-assistencia-social\/","title":{"rendered":"BUERAREMA: PODER LEGISLATIVO REALIZA 8\u00aa SESS\u00c3O ORDIN\u00c1RIA COM EXPLANA\u00c7\u00c3O DE PROJETOS DE LEI VOLTADOS \u00c0 EDUCA\u00c7\u00c3O E ASSIST\u00caNCIA SOCIAL"},"content":{"rendered":"<p><img loading=\"lazy\" decoding=\"async\" class=\"wp-image-193956 aligncenter\" src=\"http:\/\/www.politicosdosuldabahia.com.br\/v1\/wp-content\/uploads\/2025\/10\/WhatsApp-Image-2025-10-16-at-09.57.51.jpeg\" alt=\"\" width=\"455\" height=\"341\" srcset=\"https:\/\/www.politicosdosuldabahia.com.br\/v1\/wp-content\/uploads\/2025\/10\/WhatsApp-Image-2025-10-16-at-09.57.51.jpeg 1600w, https:\/\/www.politicosdosuldabahia.com.br\/v1\/wp-content\/uploads\/2025\/10\/WhatsApp-Image-2025-10-16-at-09.57.51-300x225.jpeg 300w, https:\/\/www.politicosdosuldabahia.com.br\/v1\/wp-content\/uploads\/2025\/10\/WhatsApp-Image-2025-10-16-at-09.57.51-1024x768.jpeg 1024w, https:\/\/www.politicosdosuldabahia.com.br\/v1\/wp-content\/uploads\/2025\/10\/WhatsApp-Image-2025-10-16-at-09.57.51-768x576.jpeg 768w, https:\/\/www.politicosdosuldabahia.com.br\/v1\/wp-content\/uploads\/2025\/10\/WhatsApp-Image-2025-10-16-at-09.57.51-1536x1152.jpeg 1536w, https:\/\/www.politicosdosuldabahia.com.br\/v1\/wp-content\/uploads\/2025\/10\/WhatsApp-Image-2025-10-16-at-09.57.51-400x300.jpeg 400w\" sizes=\"(max-width: 455px) 100vw, 455px\" \/><\/p>\n<h3 style=\"text-align: justify\">Na noite desta ter\u00e7a-feira, 14 de outubro, o Poder Legislativo de Buerarema realizou a 8\u00aa Sess\u00e3o Ordin\u00e1ria do ano, marcada pela apresenta\u00e7\u00e3o e explana\u00e7\u00e3o de dois importantes Projetos de Lei de interesse p\u00fablico. A sess\u00e3o teve como foco o esclarecimento de d\u00favidas dos vereadores antes da vota\u00e7\u00e3o das mat\u00e9rias, refor\u00e7ando o compromisso da Casa com a transpar\u00eancia e o di\u00e1logo entre os poderes.<\/h3>\n<h3 style=\"text-align: justify\">Representando o Poder Executivo, Nataja do Vale apresentou o Projeto de Lei n\u00ba 38\/2025, que institui o Servi\u00e7o de Acolhimento Institucional para Crian\u00e7as e Adolescentes no munic\u00edpio. A proposta tem como finalidade garantir prote\u00e7\u00e3o integral a menores em situa\u00e7\u00e3o de risco, abandono ou viola\u00e7\u00e3o de direitos, assegurando o cumprimento das diretrizes do Estatuto da Crian\u00e7a e do Adolescente (ECA) e demais legisla\u00e7\u00f5es correlatas. O projeto estabelece as bases para o funcionamento do servi\u00e7o, bem como os mecanismos de acompanhamento e execu\u00e7\u00e3o dessa pol\u00edtica p\u00fablica essencial para a rede de prote\u00e7\u00e3o social.<\/h3>\n<h3 style=\"text-align: justify\">J\u00e1 o Projeto de Lei n\u00ba 34\/2025, apresentado por Maria Jos\u00e9, representando o setor da Educa\u00e7\u00e3o, prop\u00f5e a cria\u00e7\u00e3o do F\u00f3rum Municipal de Pol\u00edticas P\u00fablicas para a Educa\u00e7\u00e3o. O \u00f3rg\u00e3o tem por objetivo fortalecer o di\u00e1logo entre o poder p\u00fablico e a sociedade civil, promovendo a elabora\u00e7\u00e3o, monitoramento e avalia\u00e7\u00e3o de pol\u00edticas educacionais que garantam a igualdade de oportunidades e a efetiva\u00e7\u00e3o dos direitos sociais.<\/h3>\n<h3 style=\"text-align: justify\">Durante a sess\u00e3o, os vereadores tiveram a oportunidade de tirar d\u00favidas e debater os impactos de ambas as propostas para o munic\u00edpio. As explana\u00e7\u00f5es buscaram subsidiar os parlamentares com informa\u00e7\u00f5es t\u00e9cnicas e estrat\u00e9gicas antes da vota\u00e7\u00e3o dos projetos.<\/h3>\n<h3 style=\"text-align: justify\">As mat\u00e9rias seguem tramitando nas comiss\u00f5es competentes e devem retornar \u00e0 pauta para delibera\u00e7\u00e3o final nas pr\u00f3ximas sess\u00f5es.<\/h3>\n","protected":false},"excerpt":{"rendered":"<p>Na noite desta ter\u00e7a-feira, 14 de outubro, o Poder Legislativo de Buerarema realizou a 8\u00aa Sess\u00e3o Ordin\u00e1ria do ano, marcada pela apresenta\u00e7\u00e3o e explana\u00e7\u00e3o de dois importantes Projetos de Lei de interesse p\u00fablico. A sess\u00e3o teve como foco o esclarecimento de d\u00favidas dos vereadores antes da vota\u00e7\u00e3o das mat\u00e9rias, refor\u00e7ando o compromisso da Casa com [&hellip;]<\/p>\n","protected":false},"author":992,"featured_media":193956,"comment_status":"open","ping_status":"closed","sticky":false,"template":"","format":"standard","meta":{"footnotes":"","_links_to":"","_links_to_target":""},"categories":[3],"tags":[],"class_list":["post-193955","post","type-post","status-publish","format-standard","has-post-thumbnail","hentry","category-cidades"],"views":189,"_links":{"self":[{"href":"https:\/\/www.politicosdosuldabahia.com.br\/v1\/wp-json\/wp\/v2\/posts\/193955"}],"collection":[{"href":"https:\/\/www.politicosdosuldabahia.com.br\/v1\/wp-json\/wp\/v2\/posts"}],"about":[{"href":"https:\/\/www.politicosdosuldabahia.com.br\/v1\/wp-json\/wp\/v2\/types\/post"}],"author":[{"embeddable":true,"href":"https:\/\/www.politicosdosuldabahia.com.br\/v1\/wp-json\/wp\/v2\/users\/992"}],"replies":[{"embeddable":true,"href":"https:\/\/www.politicosdosuldabahia.com.br\/v1\/wp-json\/wp\/v2\/comments?post=193955"}],"version-history":[{"count":1,"href":"https:\/\/www.politicosdosuldabahia.com.br\/v1\/wp-json\/wp\/v2\/posts\/193955\/revisions"}],"predecessor-version":[{"id":193957,"href":"https:\/\/www.politicosdosuldabahia.com.br\/v1\/wp-json\/wp\/v2\/posts\/193955\/revisions\/193957"}],"wp:featuredmedia":[{"embeddable":true,"href":"https:\/\/www.politicosdosuldabahia.com.br\/v1\/wp-json\/wp\/v2\/media\/193956"}],"wp:attachment":[{"href":"https:\/\/www.politicosdosuldabahia.com.br\/v1\/wp-json\/wp\/v2\/media?parent=193955"}],"wp:term":[{"taxonomy":"category","embeddable":true,"href":"https:\/\/www.politicosdosuldabahia.com.br\/v1\/wp-json\/wp\/v2\/categories?post=193955"},{"taxonomy":"post_tag","embeddable":true,"href":"https:\/\/www.politicosdosuldabahia.com.br\/v1\/wp-json\/wp\/v2\/tags?post=193955"}],"curies":[{"name":"wp","href":"https:\/\/api.w.org\/{rel}","templated":true}]}}