
{"id":193952,"date":"2025-10-16T09:41:47","date_gmt":"2025-10-16T12:41:47","guid":{"rendered":"https:\/\/www.politicosdosuldabahia.com.br\/v1\/?p=193952"},"modified":"2025-10-16T09:41:47","modified_gmt":"2025-10-16T12:41:47","slug":"wenceslau-guimaraes-pf-faz-operacao-na-casa-do-prefeito","status":"publish","type":"post","link":"https:\/\/www.politicosdosuldabahia.com.br\/v1\/2025\/10\/16\/wenceslau-guimaraes-pf-faz-operacao-na-casa-do-prefeito\/","title":{"rendered":"WENCESLAU GUIMAR\u00c3ES :PF FAZ OPERA\u00c7\u00c3O NA CASA DO PREFEITO"},"content":{"rendered":"<p><img loading=\"lazy\" decoding=\"async\" class=\"alignnone size-full wp-image-193953\" src=\"http:\/\/www.politicosdosuldabahia.com.br\/v1\/wp-content\/uploads\/2025\/10\/564655189_24944653301832545_6961951196838626604_n-e1760618458824.jpg\" alt=\"\" width=\"450\" height=\"600\" \/><\/p>\n<h3 style=\"text-align: justify;\">Na manh\u00e3 desta quinta-feira (16), agentes da Pol\u00edcia Federal estiveram na resid\u00eancia do prefeito de Wenceslau Guimar\u00e3es, Gabriel de Parisio (MDB).<\/h3>\n<h3 style=\"text-align: justify;\">Segundo informa\u00e7\u00f5es apuradas pelo site, como n\u00e3o havia ningu\u00e9m no im\u00f3vel, os agentes precisaram arrombar a porta para cumprir a dilig\u00eancia. A opera\u00e7\u00e3o chamou aten\u00e7\u00e3o de moradores da regi\u00e3o e movimentou o centro da cidade.<\/h3>\n<h3 style=\"text-align: justify;\">Fontes ouvidas pela reportagem apontam que Gabriel de Parisio mant\u00e9m liga\u00e7\u00e3o pol\u00edtica com o deputado federal Dal Barreto (UB), que nesta semana foi alvo da sexta fase da Opera\u00e7\u00e3o Overclean, deflagrada pela Pol\u00edcia Federal.<\/p>\n<p>O site entrou em contato com a Pol\u00edcia Federal para obter informa\u00e7\u00f5es sobre a a\u00e7\u00e3o em Wenceslau Guimar\u00e3es, mas at\u00e9 o momento n\u00e3o houve posicionamento oficial.<\/h3>\n","protected":false},"excerpt":{"rendered":"<p>Na manh\u00e3 desta quinta-feira (16), agentes da Pol\u00edcia Federal estiveram na resid\u00eancia do prefeito de Wenceslau Guimar\u00e3es, Gabriel de Parisio (MDB). Segundo informa\u00e7\u00f5es apuradas pelo site, como n\u00e3o havia ningu\u00e9m no im\u00f3vel, os agentes precisaram arrombar a porta para cumprir a dilig\u00eancia. A opera\u00e7\u00e3o chamou aten\u00e7\u00e3o de moradores da regi\u00e3o e movimentou o centro da [&hellip;]<\/p>\n","protected":false},"author":2,"featured_media":193953,"comment_status":"open","ping_status":"closed","sticky":false,"template":"","format":"standard","meta":{"footnotes":"","_links_to":"","_links_to_target":""},"categories":[1],"tags":[],"class_list":["post-193952","post","type-post","status-publish","format-standard","has-post-thumbnail","hentry","category-geral"],"views":364,"_links":{"self":[{"href":"https:\/\/www.politicosdosuldabahia.com.br\/v1\/wp-json\/wp\/v2\/posts\/193952"}],"collection":[{"href":"https:\/\/www.politicosdosuldabahia.com.br\/v1\/wp-json\/wp\/v2\/posts"}],"about":[{"href":"https:\/\/www.politicosdosuldabahia.com.br\/v1\/wp-json\/wp\/v2\/types\/post"}],"author":[{"embeddable":true,"href":"https:\/\/www.politicosdosuldabahia.com.br\/v1\/wp-json\/wp\/v2\/users\/2"}],"replies":[{"embeddable":true,"href":"https:\/\/www.politicosdosuldabahia.com.br\/v1\/wp-json\/wp\/v2\/comments?post=193952"}],"version-history":[{"count":1,"href":"https:\/\/www.politicosdosuldabahia.com.br\/v1\/wp-json\/wp\/v2\/posts\/193952\/revisions"}],"predecessor-version":[{"id":193954,"href":"https:\/\/www.politicosdosuldabahia.com.br\/v1\/wp-json\/wp\/v2\/posts\/193952\/revisions\/193954"}],"wp:featuredmedia":[{"embeddable":true,"href":"https:\/\/www.politicosdosuldabahia.com.br\/v1\/wp-json\/wp\/v2\/media\/193953"}],"wp:attachment":[{"href":"https:\/\/www.politicosdosuldabahia.com.br\/v1\/wp-json\/wp\/v2\/media?parent=193952"}],"wp:term":[{"taxonomy":"category","embeddable":true,"href":"https:\/\/www.politicosdosuldabahia.com.br\/v1\/wp-json\/wp\/v2\/categories?post=193952"},{"taxonomy":"post_tag","embeddable":true,"href":"https:\/\/www.politicosdosuldabahia.com.br\/v1\/wp-json\/wp\/v2\/tags?post=193952"}],"curies":[{"name":"wp","href":"https:\/\/api.w.org\/{rel}","templated":true}]}}