
{"id":193946,"date":"2025-10-15T17:13:16","date_gmt":"2025-10-15T20:13:16","guid":{"rendered":"https:\/\/www.politicosdosuldabahia.com.br\/v1\/?p=193946"},"modified":"2025-10-15T17:13:16","modified_gmt":"2025-10-15T20:13:16","slug":"itabuna-primeira-dama-andrea-castro-se-torna-madrinha-da-oncologia-da-santa-casa","status":"publish","type":"post","link":"https:\/\/www.politicosdosuldabahia.com.br\/v1\/2025\/10\/15\/itabuna-primeira-dama-andrea-castro-se-torna-madrinha-da-oncologia-da-santa-casa\/","title":{"rendered":"ITABUNA: PRIMEIRA-DAMA ANDR\u00c9A CASTRO SE TORNA MADRINHA DA ONCOLOGIA DA SANTA CASA"},"content":{"rendered":"<p><img loading=\"lazy\" decoding=\"async\" class=\"alignnone size-full wp-image-193947 aligncenter\" src=\"http:\/\/www.politicosdosuldabahia.com.br\/v1\/wp-content\/uploads\/2025\/10\/WhatsApp-Image-2025-10-15-at-16.17.11.jpeg\" alt=\"\" width=\"455\" height=\"341\" srcset=\"https:\/\/www.politicosdosuldabahia.com.br\/v1\/wp-content\/uploads\/2025\/10\/WhatsApp-Image-2025-10-15-at-16.17.11.jpeg 455w, https:\/\/www.politicosdosuldabahia.com.br\/v1\/wp-content\/uploads\/2025\/10\/WhatsApp-Image-2025-10-15-at-16.17.11-300x225.jpeg 300w, https:\/\/www.politicosdosuldabahia.com.br\/v1\/wp-content\/uploads\/2025\/10\/WhatsApp-Image-2025-10-15-at-16.17.11-400x300.jpeg 400w\" sizes=\"(max-width: 455px) 100vw, 455px\" \/><\/p>\n<h3 style=\"text-align: justify\">Um caf\u00e9 da manh\u00e3 realizado na Provedoria da Santa Casa de Miseric\u00f3rdia de Itabuna reuniu, na manh\u00e3 desta quarta-feira (15), a primeira-dama de Itabuna, Andr\u00e9a Castro, o provedor da institui\u00e7\u00e3o Francisco Valdece, membros da provedoria, irm\u00e3s religiosas da Congrega\u00e7\u00e3o de Santa Catarina de Senna e a coordenadora m\u00e9dica da Oncologia da Santa Casa, a m\u00e9dica hematologista Regiana Quinto.<\/h3>\n<h3 style=\"text-align: justify\">Durante o encontro, marcado por emo\u00e7\u00e3o, partilha e gratid\u00e3o, a primeira-dama foi convidada pela provedoria para ser madrinha do Servi\u00e7o de Oncologia Pedi\u00e1trica da Santa Casa, em reconhecimento ao apoio, sensibilidade e dedica\u00e7\u00e3o \u00e0s causas sociais e ao cuidado com as crian\u00e7as em tratamento oncol\u00f3gico.<\/h3>\n<h3 style=\"text-align: justify\">Emocionada, Andr\u00e9a Castro agradeceu o convite e destacou o compromisso da gest\u00e3o municipal e pessoal com a sa\u00fade e o acolhimento infantil. \u201cSer madrinha da Oncologia Pedi\u00e1trica da Santa Casa \u00e9 uma honra que recebo com o cora\u00e7\u00e3o cheio de gratid\u00e3o. Acompanho de perto o trabalho realizado aqui e sei o quanto essa equipe se dedica para oferecer n\u00e3o apenas tratamento, mas tamb\u00e9m amor e esperan\u00e7a a cada crian\u00e7a e fam\u00edlia. Esse convite representa um chamado \u00e0 responsabilidade e \u00e0 solidariedade. Quero contribuir para fortalecer ainda mais esse servi\u00e7o essencial para nossa cidade e para toda a regi\u00e3o\u201d, afirmou.<\/h3>\n<h3 style=\"text-align: justify\"><\/h3>\n<h3 style=\"text-align: justify\">SIMBOLISMO<\/h3>\n<h3 style=\"text-align: justify\">A m\u00e9dica Regiana Quinto, coordenadora m\u00e9dica da Oncologia da Santa Casa de Itabuna, destacou o simbolismo da homenagem e o incentivo que a presen\u00e7a da primeira-dama traz \u00e0 equipe.\u201c A madrinha chega como uma inspira\u00e7\u00e3o. A oncologia pedi\u00e1trica da Santa Casa \u00e9 feita de t\u00e9cnica e afeto, e esse apoio refor\u00e7a nossa miss\u00e3o de cuidar com excel\u00eancia e humaniza\u00e7\u00e3o, tenho certeza que Andr\u00e9a desempenhar\u00e1 um papel fundamental para o fortalecimento do nosso servi\u00e7o\u201d, disse.<\/h3>\n<h3 style=\"text-align: justify\">O provedor da Santa Casa ressaltou a import\u00e2ncia da parceria e do envolvimento da sociedade civil no fortalecimento da institui\u00e7\u00e3o. \u201cTer Andr\u00e9a Castro como madrinha da oncologia pedi\u00e1trica \u00e9 motivo de alegria e esperan\u00e7a. Esse gesto simboliza cuidado, compromisso e f\u00e9, valores que definem a hist\u00f3ria da Santa Casa de Miseric\u00f3rdia de Itabuna\u201d, afirmou.<\/h3>\n<h3 style=\"text-align: justify\">Com mais de um s\u00e9culo de hist\u00f3ria, a Santa Casa de Miseric\u00f3rdia de Itabuna reafirma sua miss\u00e3o de oferecer assist\u00eancia humanizada e de qualidade, fortalecendo a aten\u00e7\u00e3o oncol\u00f3gica no sul da Bahia e promovendo sa\u00fade, f\u00e9 e solidariedade a todos que buscam acolhimento e cuidado.<\/h3>\n","protected":false},"excerpt":{"rendered":"<p>Um caf\u00e9 da manh\u00e3 realizado na Provedoria da Santa Casa de Miseric\u00f3rdia de Itabuna reuniu, na manh\u00e3 desta quarta-feira (15), a primeira-dama de Itabuna, Andr\u00e9a Castro, o provedor da institui\u00e7\u00e3o Francisco Valdece, membros da provedoria, irm\u00e3s religiosas da Congrega\u00e7\u00e3o de Santa Catarina de Senna e a coordenadora m\u00e9dica da Oncologia da Santa Casa, a m\u00e9dica [&hellip;]<\/p>\n","protected":false},"author":992,"featured_media":193947,"comment_status":"open","ping_status":"closed","sticky":false,"template":"","format":"standard","meta":{"footnotes":"","_links_to":"","_links_to_target":""},"categories":[3],"tags":[],"class_list":["post-193946","post","type-post","status-publish","format-standard","has-post-thumbnail","hentry","category-cidades"],"views":179,"_links":{"self":[{"href":"https:\/\/www.politicosdosuldabahia.com.br\/v1\/wp-json\/wp\/v2\/posts\/193946"}],"collection":[{"href":"https:\/\/www.politicosdosuldabahia.com.br\/v1\/wp-json\/wp\/v2\/posts"}],"about":[{"href":"https:\/\/www.politicosdosuldabahia.com.br\/v1\/wp-json\/wp\/v2\/types\/post"}],"author":[{"embeddable":true,"href":"https:\/\/www.politicosdosuldabahia.com.br\/v1\/wp-json\/wp\/v2\/users\/992"}],"replies":[{"embeddable":true,"href":"https:\/\/www.politicosdosuldabahia.com.br\/v1\/wp-json\/wp\/v2\/comments?post=193946"}],"version-history":[{"count":1,"href":"https:\/\/www.politicosdosuldabahia.com.br\/v1\/wp-json\/wp\/v2\/posts\/193946\/revisions"}],"predecessor-version":[{"id":193948,"href":"https:\/\/www.politicosdosuldabahia.com.br\/v1\/wp-json\/wp\/v2\/posts\/193946\/revisions\/193948"}],"wp:featuredmedia":[{"embeddable":true,"href":"https:\/\/www.politicosdosuldabahia.com.br\/v1\/wp-json\/wp\/v2\/media\/193947"}],"wp:attachment":[{"href":"https:\/\/www.politicosdosuldabahia.com.br\/v1\/wp-json\/wp\/v2\/media?parent=193946"}],"wp:term":[{"taxonomy":"category","embeddable":true,"href":"https:\/\/www.politicosdosuldabahia.com.br\/v1\/wp-json\/wp\/v2\/categories?post=193946"},{"taxonomy":"post_tag","embeddable":true,"href":"https:\/\/www.politicosdosuldabahia.com.br\/v1\/wp-json\/wp\/v2\/tags?post=193946"}],"curies":[{"name":"wp","href":"https:\/\/api.w.org\/{rel}","templated":true}]}}