
{"id":193942,"date":"2025-10-15T16:19:48","date_gmt":"2025-10-15T19:19:48","guid":{"rendered":"https:\/\/www.politicosdosuldabahia.com.br\/v1\/?p=193942"},"modified":"2025-10-15T16:19:48","modified_gmt":"2025-10-15T19:19:48","slug":"ilheus-circulam-nos-bastidores-rumores-sobre-nova-pre-candidatura-na-base-do-prefeito-valderico","status":"publish","type":"post","link":"https:\/\/www.politicosdosuldabahia.com.br\/v1\/2025\/10\/15\/ilheus-circulam-nos-bastidores-rumores-sobre-nova-pre-candidatura-na-base-do-prefeito-valderico\/","title":{"rendered":"ILH\u00c9US: CIRCULAM NOS BASTIDORES RUMORES SOBRE NOVA PR\u00c9-CANDIDATURA NA BASE DO PREFEITO VALDERICO"},"content":{"rendered":"<p>&nbsp;<\/p>\n<h3><img loading=\"lazy\" decoding=\"async\" class=\"alignnone size-full wp-image-193943 aligncenter\" src=\"http:\/\/www.politicosdosuldabahia.com.br\/v1\/wp-content\/uploads\/2025\/10\/IMG_5335.jpeg\" alt=\"\" width=\"455\" height=\"303\" srcset=\"https:\/\/www.politicosdosuldabahia.com.br\/v1\/wp-content\/uploads\/2025\/10\/IMG_5335.jpeg 455w, https:\/\/www.politicosdosuldabahia.com.br\/v1\/wp-content\/uploads\/2025\/10\/IMG_5335-300x200.jpeg 300w\" sizes=\"(max-width: 455px) 100vw, 455px\" \/><\/h3>\n<h3 style=\"text-align: justify\">Nos bastidores da pol\u00edtica ilheense, tem ganhado for\u00e7a a informa\u00e7\u00e3o de que mais um secret\u00e1rio do prefeito Valderico J\u00fanior estaria se articulando para disputar uma vaga na Assembl\u00e9ia Legislativa da Bahia nas pr\u00f3ximas elei\u00e7\u00f5es.<\/h3>\n<h3 style=\"text-align: justify\">De acordo com fontes pol\u00edticas locais, o nome que circula \u00e9 o de Thiago Martins, atual presidente da Maramata, presidente municipal do PL e coordenador da legenda em quase 50 cidades do Sul da Bahia.<\/h3>\n<h3 style=\"text-align: justify\">A poss\u00edvel candidatura de Thiago Martins, que tem ampliado sua articula\u00e7\u00e3o pol\u00edtica e presen\u00e7a regional, refor\u00e7aria o protagonismo do grupo ligado ao prefeito Valderico, que j\u00e1 conta com o nome do secret\u00e1rio Pedro Tavares entre os cotados para a disputa estadual.<\/h3>\n<h3 style=\"text-align: justify\">A movimenta\u00e7\u00e3o tem repercutido nos bastidores da direita baiana, especialmente entre lideran\u00e7as bolsonaristas da regi\u00e3o cacaueira, que veem na articula\u00e7\u00e3o um passo importante para fortalecer a representatividade do campo conservador no Sul da Bahia.<\/h3>\n<h3 style=\"text-align: justify\">Por enquanto, nem o prefeito nem o pr\u00f3prio Thiago Martins confirmaram oficialmente a pr\u00e9-candidatura, mantendo discri\u00e7\u00e3o sobre o tema.<\/h3>\n","protected":false},"excerpt":{"rendered":"<p>&nbsp; Nos bastidores da pol\u00edtica ilheense, tem ganhado for\u00e7a a informa\u00e7\u00e3o de que mais um secret\u00e1rio do prefeito Valderico J\u00fanior estaria se articulando para disputar uma vaga na Assembl\u00e9ia Legislativa da Bahia nas pr\u00f3ximas elei\u00e7\u00f5es. De acordo com fontes pol\u00edticas locais, o nome que circula \u00e9 o de Thiago Martins, atual presidente da Maramata, presidente [&hellip;]<\/p>\n","protected":false},"author":992,"featured_media":193943,"comment_status":"open","ping_status":"closed","sticky":false,"template":"","format":"standard","meta":{"footnotes":"","_links_to":"","_links_to_target":""},"categories":[3],"tags":[],"class_list":["post-193942","post","type-post","status-publish","format-standard","has-post-thumbnail","hentry","category-cidades"],"views":324,"_links":{"self":[{"href":"https:\/\/www.politicosdosuldabahia.com.br\/v1\/wp-json\/wp\/v2\/posts\/193942"}],"collection":[{"href":"https:\/\/www.politicosdosuldabahia.com.br\/v1\/wp-json\/wp\/v2\/posts"}],"about":[{"href":"https:\/\/www.politicosdosuldabahia.com.br\/v1\/wp-json\/wp\/v2\/types\/post"}],"author":[{"embeddable":true,"href":"https:\/\/www.politicosdosuldabahia.com.br\/v1\/wp-json\/wp\/v2\/users\/992"}],"replies":[{"embeddable":true,"href":"https:\/\/www.politicosdosuldabahia.com.br\/v1\/wp-json\/wp\/v2\/comments?post=193942"}],"version-history":[{"count":1,"href":"https:\/\/www.politicosdosuldabahia.com.br\/v1\/wp-json\/wp\/v2\/posts\/193942\/revisions"}],"predecessor-version":[{"id":193945,"href":"https:\/\/www.politicosdosuldabahia.com.br\/v1\/wp-json\/wp\/v2\/posts\/193942\/revisions\/193945"}],"wp:featuredmedia":[{"embeddable":true,"href":"https:\/\/www.politicosdosuldabahia.com.br\/v1\/wp-json\/wp\/v2\/media\/193943"}],"wp:attachment":[{"href":"https:\/\/www.politicosdosuldabahia.com.br\/v1\/wp-json\/wp\/v2\/media?parent=193942"}],"wp:term":[{"taxonomy":"category","embeddable":true,"href":"https:\/\/www.politicosdosuldabahia.com.br\/v1\/wp-json\/wp\/v2\/categories?post=193942"},{"taxonomy":"post_tag","embeddable":true,"href":"https:\/\/www.politicosdosuldabahia.com.br\/v1\/wp-json\/wp\/v2\/tags?post=193942"}],"curies":[{"name":"wp","href":"https:\/\/api.w.org\/{rel}","templated":true}]}}