
{"id":193933,"date":"2025-10-15T15:19:41","date_gmt":"2025-10-15T18:19:41","guid":{"rendered":"https:\/\/www.politicosdosuldabahia.com.br\/v1\/?p=193933"},"modified":"2025-10-15T15:19:41","modified_gmt":"2025-10-15T18:19:41","slug":"itabuna-dr-rafael-andrade-apresenta-o-mutirao-do-diabetes-na-camara-de-vereadores-de-itabuna","status":"publish","type":"post","link":"https:\/\/www.politicosdosuldabahia.com.br\/v1\/2025\/10\/15\/itabuna-dr-rafael-andrade-apresenta-o-mutirao-do-diabetes-na-camara-de-vereadores-de-itabuna\/","title":{"rendered":"ITABUNA: DR. RAFAEL ANDRADE APRESENTA O MUTIR\u00c3O DO DIABETES NA C\u00c2MARA DE VEREADORES DE ITABUNA"},"content":{"rendered":"<p><img loading=\"lazy\" decoding=\"async\" class=\"size-full wp-image-193934 aligncenter\" src=\"http:\/\/www.politicosdosuldabahia.com.br\/v1\/wp-content\/uploads\/2025\/10\/WhatsApp-Image-2025-10-15-at-15.17.32.jpeg\" alt=\"\" width=\"455\" height=\"210\" srcset=\"https:\/\/www.politicosdosuldabahia.com.br\/v1\/wp-content\/uploads\/2025\/10\/WhatsApp-Image-2025-10-15-at-15.17.32.jpeg 455w, https:\/\/www.politicosdosuldabahia.com.br\/v1\/wp-content\/uploads\/2025\/10\/WhatsApp-Image-2025-10-15-at-15.17.32-300x138.jpeg 300w\" sizes=\"(max-width: 455px) 100vw, 455px\" \/><\/p>\n<h3 style=\"text-align: justify\">O m\u00e9dico oftalmologista e idealizador do Mutir\u00e3o do Diabetes de Itabuna, Dr. Rafael Andrade, participou na \u00faltima ter\u00e7a-feira (14) da sess\u00e3o da C\u00e2mara de Vereadores de Itabuna, onde apresentou o projeto que h\u00e1 21 anos transforma a vida de milhares de pessoas com a\u00e7\u00f5es de preven\u00e7\u00e3o, diagn\u00f3stico e tratamento do diabetes. O encontro teve como objetivo refor\u00e7ar a import\u00e2ncia da uni\u00e3o entre poder p\u00fablico e sociedade civil para ampliar o alcance das a\u00e7\u00f5es do Mutir\u00e3o, que neste ano acontecer\u00e1 no dia 15 de novembro, no Hospital Beira Rio e na Pra\u00e7a Rio Cachoeira.<\/h3>\n<h3 style=\"text-align: justify\">Durante a apresenta\u00e7\u00e3o, Dr. Rafael destacou a trajet\u00f3ria de duas d\u00e9cadas do projeto, que se tornou refer\u00eancia nacional em mobiliza\u00e7\u00e3o e cuidado com o diabetes, inspirando mais de 30 cidades brasileiras a replicarem o modelo. Ele tamb\u00e9m pontuou as inova\u00e7\u00f5es tecnol\u00f3gicas que t\u00eam ampliado a precis\u00e3o dos atendimentos, como o uso da telemedicina, intelig\u00eancia artificial e fichas digitais inteligentes, al\u00e9m do papel fundamental da ONG Unidos Pelo Diabetes, bra\u00e7o social do Hospital Beira Rio, na gest\u00e3o e expans\u00e3o das a\u00e7\u00f5es.<\/h3>\n<h3 style=\"text-align: justify\">O presidente da C\u00e2mara de Vereadores, Manoel Porf\u00edrio, parabenizou o m\u00e9dico pela iniciativa e ressaltou a relev\u00e2ncia do Mutir\u00e3o para a cidade. \u201cO trabalho do Dr. Rafael \u00e9 motivo de orgulho para Itabuna. O Mutir\u00e3o do Diabetes vai muito al\u00e9m de um evento de sa\u00fade \u2014 \u00e9 um projeto de amor ao pr\u00f3ximo, que salva vidas e inspira outras cidades do Brasil. O Legislativo itabunense reconhece e apoia essa iniciativa que tanto contribui para o bem-estar da nossa popula\u00e7\u00e3o\u201d, afirmou Porf\u00edrio.<\/h3>\n<h3 style=\"text-align: justify\">Com mais de 30 mil pacientes atendidos e milhares de casos de retinopatia diab\u00e9tica tratados gratuitamente, o Mutir\u00e3o do Diabetes chega \u00e0 sua 21\u00aa edi\u00e7\u00e3o consolidado como um exemplo de mobiliza\u00e7\u00e3o social e compromisso com a sa\u00fade p\u00fablica. A edi\u00e7\u00e3o de 2025 promete reunir novamente profissionais de sa\u00fade, volunt\u00e1rios e parceiros em uma grande corrente de solidariedade, informa\u00e7\u00e3o e cuidado.<\/h3>\n<h3 style=\"text-align: justify\">O Mutir\u00e3o do Diabetes de Itabuna ser\u00e1 realizado no dia 15 de novembro, das 8h \u00e0s 12h, no Hospital Beira Rio e na Pra\u00e7a Rio Cachoeira. Toda a comunidade est\u00e1 convidada a participar das a\u00e7\u00f5es gratuitas de preven\u00e7\u00e3o e conscientiza\u00e7\u00e3o.<\/h3>\n","protected":false},"excerpt":{"rendered":"<p>O m\u00e9dico oftalmologista e idealizador do Mutir\u00e3o do Diabetes de Itabuna, Dr. Rafael Andrade, participou na \u00faltima ter\u00e7a-feira (14) da sess\u00e3o da C\u00e2mara de Vereadores de Itabuna, onde apresentou o projeto que h\u00e1 21 anos transforma a vida de milhares de pessoas com a\u00e7\u00f5es de preven\u00e7\u00e3o, diagn\u00f3stico e tratamento do diabetes. O encontro teve como [&hellip;]<\/p>\n","protected":false},"author":992,"featured_media":193934,"comment_status":"open","ping_status":"closed","sticky":false,"template":"","format":"standard","meta":{"footnotes":"","_links_to":"","_links_to_target":""},"categories":[3],"tags":[],"class_list":["post-193933","post","type-post","status-publish","format-standard","has-post-thumbnail","hentry","category-cidades"],"views":180,"_links":{"self":[{"href":"https:\/\/www.politicosdosuldabahia.com.br\/v1\/wp-json\/wp\/v2\/posts\/193933"}],"collection":[{"href":"https:\/\/www.politicosdosuldabahia.com.br\/v1\/wp-json\/wp\/v2\/posts"}],"about":[{"href":"https:\/\/www.politicosdosuldabahia.com.br\/v1\/wp-json\/wp\/v2\/types\/post"}],"author":[{"embeddable":true,"href":"https:\/\/www.politicosdosuldabahia.com.br\/v1\/wp-json\/wp\/v2\/users\/992"}],"replies":[{"embeddable":true,"href":"https:\/\/www.politicosdosuldabahia.com.br\/v1\/wp-json\/wp\/v2\/comments?post=193933"}],"version-history":[{"count":1,"href":"https:\/\/www.politicosdosuldabahia.com.br\/v1\/wp-json\/wp\/v2\/posts\/193933\/revisions"}],"predecessor-version":[{"id":193935,"href":"https:\/\/www.politicosdosuldabahia.com.br\/v1\/wp-json\/wp\/v2\/posts\/193933\/revisions\/193935"}],"wp:featuredmedia":[{"embeddable":true,"href":"https:\/\/www.politicosdosuldabahia.com.br\/v1\/wp-json\/wp\/v2\/media\/193934"}],"wp:attachment":[{"href":"https:\/\/www.politicosdosuldabahia.com.br\/v1\/wp-json\/wp\/v2\/media?parent=193933"}],"wp:term":[{"taxonomy":"category","embeddable":true,"href":"https:\/\/www.politicosdosuldabahia.com.br\/v1\/wp-json\/wp\/v2\/categories?post=193933"},{"taxonomy":"post_tag","embeddable":true,"href":"https:\/\/www.politicosdosuldabahia.com.br\/v1\/wp-json\/wp\/v2\/tags?post=193933"}],"curies":[{"name":"wp","href":"https:\/\/api.w.org\/{rel}","templated":true}]}}