
{"id":193930,"date":"2025-10-15T15:17:02","date_gmt":"2025-10-15T18:17:02","guid":{"rendered":"https:\/\/www.politicosdosuldabahia.com.br\/v1\/?p=193930"},"modified":"2025-10-15T15:17:02","modified_gmt":"2025-10-15T18:17:02","slug":"lancamento-do-livro-o-ceu-de-carol-e-outras-historias-de-coragem","status":"publish","type":"post","link":"https:\/\/www.politicosdosuldabahia.com.br\/v1\/2025\/10\/15\/lancamento-do-livro-o-ceu-de-carol-e-outras-historias-de-coragem\/","title":{"rendered":"LAN\u00c7AMENTO DO LIVRO O C\u00c9U DE CAROL E OUTRAS HIST\u00d3RIAS DE CORAGEM"},"content":{"rendered":"<h3><img loading=\"lazy\" decoding=\"async\" class=\"alignnone size-full wp-image-193931 aligncenter\" src=\"http:\/\/www.politicosdosuldabahia.com.br\/v1\/wp-content\/uploads\/2025\/10\/WhatsApp-Image-2025-10-15-at-14.10.05.jpeg\" alt=\"\" width=\"455\" height=\"303\" srcset=\"https:\/\/www.politicosdosuldabahia.com.br\/v1\/wp-content\/uploads\/2025\/10\/WhatsApp-Image-2025-10-15-at-14.10.05.jpeg 455w, https:\/\/www.politicosdosuldabahia.com.br\/v1\/wp-content\/uploads\/2025\/10\/WhatsApp-Image-2025-10-15-at-14.10.05-300x200.jpeg 300w\" sizes=\"(max-width: 455px) 100vw, 455px\" \/><\/h3>\n<h4 style=\"text-align: center\"><strong>Uma celebra\u00e7\u00e3o da literatura negra infantojuvenil nas escolas baianas<\/strong><\/h4>\n<h3 style=\"text-align: justify\">O projeto <em>O C\u00e9u de Carol e Outras Hist\u00f3rias de Coragem<\/em> chega \u00e0s escolas do Sul e Extremo Sul da Bahia com uma programa\u00e7\u00e3o que une literatura, arte e di\u00e1logo sobre representatividade, ancestralidade e coragem. A agenda de lan\u00e7amentos come\u00e7a em outubro e segue at\u00e9 novembro de 2025, com rodas de conversa, conta\u00e7\u00f5es de hist\u00f3rias e distribui\u00e7\u00e3o gratuita de livros em escolas estaduais e municipais.<\/h3>\n<h3 style=\"text-align: justify\">A proposta desdobra o trabalho iniciado com o livro <em>O C\u00e9u de Carol<\/em> (2021), que apresentou ao p\u00fablico a hist\u00f3ria de Carol, uma menina criativa e sonhadora que deseja ser cientista, astronauta e escritora. Desde seu lan\u00e7amento, a obra tem circulado por escolas, pra\u00e7as, feiras liter\u00e1rias e redes sociais, ganhando vida em forma de m\u00fasica, boneca, curso, conta\u00e7\u00e3o e oficina.<\/h3>\n<h3 style=\"text-align: justify\">Agora, a nova obra \u2014 <em>O C\u00e9u de Carol e Outras Hist\u00f3rias de Coragem<\/em> \u2014 amplia esse universo, trazendo Carol e seus amigos Bia, Jo\u00e3o e Chiquinho em uma aventura interplanet\u00e1ria, onde investigam o Drag\u00e3o do Mar e descobrem a hist\u00f3ria de Chico da Matilde, her\u00f3i negro que lutou pela liberdade do povo negro.<\/h3>\n<h3 style=\"text-align: justify\">As atividades acontecem em escolas municipais e estaduais, com p\u00fablico formado por educadores, estudantes da Educa\u00e7\u00e3o Infantil, Anos Iniciais e Finais do Ensino Fundamental e Ensino M\u00e9dio, em sua maioria crian\u00e7as e adolescentes negros, do campo e da cidade. Nas plataformas digitais, especialmente no Instagram <a href=\"https:\/\/instagram.com\/contapretaconta\">@contapretaconta<\/a>, o p\u00fablico inclui mulheres, educadores e ativistas sociais.<\/h3>\n<h3 style=\"text-align: justify\">Com esta nova etapa, o projeto reafirma o compromisso de fortalecer a literatura negra infantojuvenil, valorizando as inf\u00e2ncias negras e o poder transformador das hist\u00f3rias contadas por quem vive e escreve a partir de seus territ\u00f3rios e mem\u00f3rias. Este projeto foi contemplado nos Editais da Poli\u0301tica Nacional Aldir Blanc Bahia e tem apoio financeiro do Governo do Estado da Bahia, por meio da Secretaria de Cultura do Estado via PNAB, direcionada pelo Ministe\u0301rio da Cultura &#8211; Governo Federal.<\/h3>\n<h3 style=\"text-align: justify\">\ud83d\uddd3 <strong>Agenda de lan\u00e7amentos<\/strong><\/h3>\n<ul style=\"text-align: justify\">\n<li>\n<h3><strong>16 de outubro \u2013 9h30:<\/strong> Grupo Escolar Novo Horizonte \u2013 Itabuna -BA.<\/h3>\n<\/li>\n<li>\n<h3><strong>16 de outubro &#8211; 15 h 30 &#8211; <\/strong>I Feira Liter\u00e1ria da Sala de Leitura Greg\u00f3rio Lu\u00eds &#8211; Ilh\u00e9us -BA.<\/h3>\n<\/li>\n<li>\n<h3><strong>17 de outubro \u2013 10h20:<\/strong> Col\u00e9gio Estadual Arleo Barbosa \u2013 Ilh\u00e9us &#8211; BA.<\/h3>\n<\/li>\n<li>\n<h3><strong>17 de outubro \u2013 14:00:<\/strong> Escola Municipal Nossa Senhora das Neves \u2013 Ilh\u00e9us -BA.<\/h3>\n<\/li>\n<li>\n<h3><strong>22 de outubro \u2013<\/strong> <strong>13:00:<\/strong> Col\u00e9gio Estadual Eraldo Tinoco \u2013 Alcoba\u00e7a- BA.<\/h3>\n<\/li>\n<li>\n<h3><strong>23 de outubro \u2013 9h30:<\/strong> Escola Heribaldo Dantas \u2013 Itabuna- BA.<\/h3>\n<\/li>\n<li>\n<h3><strong>31 de outubro &#8211;<\/strong> <strong>hor\u00e1rio a defini<\/strong>r &#8211; Primavera Liter\u00e1ria &#8211; Prado -BA.<\/h3>\n<\/li>\n<li>\n<h3><strong>12 de novembro \u2013 14h30:<\/strong> Col\u00e9gio Estadual do Campo Vinte e Cinco de Julho \u2013 Prado -BA.<\/h3>\n<\/li>\n<li>\n<h3><strong>14 de novembro &#8211; hor\u00e1rio a definir: <\/strong>Pra\u00e7a Jo\u00e3o XXIII &#8211; Coaraci -BA.<\/h3>\n<\/li>\n<\/ul>\n<h3 style=\"text-align: justify\"><strong>Durante o per\u00edodo de lan\u00e7amento, o livro estar\u00e1 \u00e0 venda por R$50,00.<\/strong><\/h3>\n<h3 style=\"text-align: justify\">\ud83d\udcf2 <strong>Chave Pix:<\/strong> (73) 99177-5008<\/h3>\n<h3 style=\"text-align: justify\"><\/h3>\n<h3 style=\"text-align: justify\">Sobre: Lan\u00e7amento de Livro O C\u00e9u de Carol e Outras Hist\u00f3rias de Coragem<\/h3>\n<h3 style=\"text-align: justify\">Autora: Kali Oliveira e Ilustradora: Stela Maria<\/h3>\n<h3 style=\"text-align: justify\">Onde: Escolas P\u00fablicas de Itabuna, Ilh\u00e9us, Camacan, Prado e Alcoba\u00e7a<\/h3>\n<h3 style=\"text-align: justify\"><strong>Contato para imprensa:<br \/>\nNome: Cristiane Santana<br \/>\nE-mail:<\/strong> criasculturais@gmail.com<br \/>\n<strong>Telefone\/WhatsApp:<\/strong> 73 988358243<\/h3>\n<h3 style=\"text-align: justify\">Agradecemos desde j\u00e1 pela aten\u00e7\u00e3o e pelo apoio \u00e0 divulga\u00e7\u00e3o desta iniciativa liter\u00e1ria e educativa.<\/h3>\n<h3 style=\"text-align: justify\"><\/h3>\n<p>&nbsp;<\/p>\n","protected":false},"excerpt":{"rendered":"<p>Uma celebra\u00e7\u00e3o da literatura negra infantojuvenil nas escolas baianas O projeto O C\u00e9u de Carol e Outras Hist\u00f3rias de Coragem chega \u00e0s escolas do Sul e Extremo Sul da Bahia com uma programa\u00e7\u00e3o que une literatura, arte e di\u00e1logo sobre representatividade, ancestralidade e coragem. A agenda de lan\u00e7amentos come\u00e7a em outubro e segue at\u00e9 novembro [&hellip;]<\/p>\n","protected":false},"author":992,"featured_media":193931,"comment_status":"open","ping_status":"closed","sticky":false,"template":"","format":"standard","meta":{"footnotes":"","_links_to":"","_links_to_target":""},"categories":[3],"tags":[],"class_list":["post-193930","post","type-post","status-publish","format-standard","has-post-thumbnail","hentry","category-cidades"],"views":246,"_links":{"self":[{"href":"https:\/\/www.politicosdosuldabahia.com.br\/v1\/wp-json\/wp\/v2\/posts\/193930"}],"collection":[{"href":"https:\/\/www.politicosdosuldabahia.com.br\/v1\/wp-json\/wp\/v2\/posts"}],"about":[{"href":"https:\/\/www.politicosdosuldabahia.com.br\/v1\/wp-json\/wp\/v2\/types\/post"}],"author":[{"embeddable":true,"href":"https:\/\/www.politicosdosuldabahia.com.br\/v1\/wp-json\/wp\/v2\/users\/992"}],"replies":[{"embeddable":true,"href":"https:\/\/www.politicosdosuldabahia.com.br\/v1\/wp-json\/wp\/v2\/comments?post=193930"}],"version-history":[{"count":1,"href":"https:\/\/www.politicosdosuldabahia.com.br\/v1\/wp-json\/wp\/v2\/posts\/193930\/revisions"}],"predecessor-version":[{"id":193932,"href":"https:\/\/www.politicosdosuldabahia.com.br\/v1\/wp-json\/wp\/v2\/posts\/193930\/revisions\/193932"}],"wp:featuredmedia":[{"embeddable":true,"href":"https:\/\/www.politicosdosuldabahia.com.br\/v1\/wp-json\/wp\/v2\/media\/193931"}],"wp:attachment":[{"href":"https:\/\/www.politicosdosuldabahia.com.br\/v1\/wp-json\/wp\/v2\/media?parent=193930"}],"wp:term":[{"taxonomy":"category","embeddable":true,"href":"https:\/\/www.politicosdosuldabahia.com.br\/v1\/wp-json\/wp\/v2\/categories?post=193930"},{"taxonomy":"post_tag","embeddable":true,"href":"https:\/\/www.politicosdosuldabahia.com.br\/v1\/wp-json\/wp\/v2\/tags?post=193930"}],"curies":[{"name":"wp","href":"https:\/\/api.w.org\/{rel}","templated":true}]}}