
{"id":193922,"date":"2025-10-15T10:20:18","date_gmt":"2025-10-15T13:20:18","guid":{"rendered":"https:\/\/www.politicosdosuldabahia.com.br\/v1\/?p=193922"},"modified":"2025-10-15T10:20:18","modified_gmt":"2025-10-15T13:20:18","slug":"itabuna-com-brilho-renovado-a-fonte-luminosa-da-praca-otavio-mangabeira-volta-a-funcionar","status":"publish","type":"post","link":"https:\/\/www.politicosdosuldabahia.com.br\/v1\/2025\/10\/15\/itabuna-com-brilho-renovado-a-fonte-luminosa-da-praca-otavio-mangabeira-volta-a-funcionar\/","title":{"rendered":"ITABUNA: COM BRILHO RENOVADO, A FONTE LUMINOSA DA PRA\u00c7A OT\u00c1VIO MANGABEIRA VOLTA A FUNCIONAR"},"content":{"rendered":"<h3 data-start=\"210\" data-end=\"473\"><img loading=\"lazy\" decoding=\"async\" class=\"alignnone size-full wp-image-193923 aligncenter\" src=\"http:\/\/www.politicosdosuldabahia.com.br\/v1\/wp-content\/uploads\/2025\/10\/WhatsApp-Image-2025-10-14-at-11.09.36-1024x1022-1.jpeg\" alt=\"\" width=\"455\" height=\"454\" srcset=\"https:\/\/www.politicosdosuldabahia.com.br\/v1\/wp-content\/uploads\/2025\/10\/WhatsApp-Image-2025-10-14-at-11.09.36-1024x1022-1.jpeg 455w, https:\/\/www.politicosdosuldabahia.com.br\/v1\/wp-content\/uploads\/2025\/10\/WhatsApp-Image-2025-10-14-at-11.09.36-1024x1022-1-300x300.jpeg 300w, https:\/\/www.politicosdosuldabahia.com.br\/v1\/wp-content\/uploads\/2025\/10\/WhatsApp-Image-2025-10-14-at-11.09.36-1024x1022-1-150x150.jpeg 150w\" sizes=\"(max-width: 455px) 100vw, 455px\" \/><\/h3>\n<h3 style=\"text-align: justify\" data-start=\"210\" data-end=\"473\">A Prefeitura de Itabuna, por meio da Secretaria de Infraestrutura e Urbanismo (SIURB), informa que, ap\u00f3s manuten\u00e7\u00e3o e testes realizados por t\u00e9cnicos especialistas, a fonte luminosa da Pra\u00e7a Ot\u00e1vio Mangabeira voltou a funcionar na noite de segunda-feira, dia 13.<\/h3>\n<h3 style=\"text-align: justify\" data-start=\"475\" data-end=\"824\">A Diretoria de Ilumina\u00e7\u00e3o refor\u00e7a que a fonte \u00e9 de car\u00e1ter contemplativo. Para garantir a seguran\u00e7a dos visitantes, especialmente das crian\u00e7as, \u00e9 necess\u00e1rio evitar o acesso \u00e0 \u00e1rea dos LEDs coloridos e das sa\u00eddas de jatos d\u2019\u00e1gua, bem como proibir o banho na estrutura, prevenindo acidentes como choques el\u00e9tricos e preservando o patrim\u00f4nio p\u00fablico.<\/h3>\n<h3 style=\"text-align: justify\" data-start=\"826\" data-end=\"1140\">Principal equipamento p\u00fablico da regi\u00e3o central da cidade, a Pra\u00e7a Ot\u00e1vio Mangabeira foi revitalizada e entregue h\u00e1 quatro meses com o objetivo de resgatar o encanto, promover a socializa\u00e7\u00e3o e transformar o espa\u00e7o em ponto de lazer, divers\u00e3o e encontro dos itabunenses, sobretudo nos finais de semana e feriados.<\/h3>\n<h3 style=\"text-align: justify\" data-start=\"1142\" data-end=\"1417\">O espa\u00e7o foi modernizado com quiosques padronizados, mobili\u00e1rios urbanos, novos pisos e piso t\u00e1til para acessibilidade, ilumina\u00e7\u00e3o em LED, parque infantil e infantojuvenil, banheiros, estacionamento, arboriza\u00e7\u00e3o, al\u00e9m do n\u00facleo de Administra\u00e7\u00e3o e da Guarda Civil Municipal.<\/h3>\n<h3 style=\"text-align: justify\" data-start=\"1142\" data-end=\"1417\">Legenda: Fonte luminosa da Pra\u00e7a Ot\u00e1vio Mangabeira voltar\u00e1 a funcionar, depois de revis\u00e3o e ajustes nos equipamentos, incluindo motobombas. Foto Pedro Augusto \u2013 SECOM\/PMI.<\/h3>\n","protected":false},"excerpt":{"rendered":"<p>A Prefeitura de Itabuna, por meio da Secretaria de Infraestrutura e Urbanismo (SIURB), informa que, ap\u00f3s manuten\u00e7\u00e3o e testes realizados por t\u00e9cnicos especialistas, a fonte luminosa da Pra\u00e7a Ot\u00e1vio Mangabeira voltou a funcionar na noite de segunda-feira, dia 13. A Diretoria de Ilumina\u00e7\u00e3o refor\u00e7a que a fonte \u00e9 de car\u00e1ter contemplativo. Para garantir a seguran\u00e7a [&hellip;]<\/p>\n","protected":false},"author":992,"featured_media":193923,"comment_status":"open","ping_status":"closed","sticky":false,"template":"","format":"standard","meta":{"footnotes":"","_links_to":"","_links_to_target":""},"categories":[3],"tags":[],"class_list":["post-193922","post","type-post","status-publish","format-standard","has-post-thumbnail","hentry","category-cidades"],"views":171,"_links":{"self":[{"href":"https:\/\/www.politicosdosuldabahia.com.br\/v1\/wp-json\/wp\/v2\/posts\/193922"}],"collection":[{"href":"https:\/\/www.politicosdosuldabahia.com.br\/v1\/wp-json\/wp\/v2\/posts"}],"about":[{"href":"https:\/\/www.politicosdosuldabahia.com.br\/v1\/wp-json\/wp\/v2\/types\/post"}],"author":[{"embeddable":true,"href":"https:\/\/www.politicosdosuldabahia.com.br\/v1\/wp-json\/wp\/v2\/users\/992"}],"replies":[{"embeddable":true,"href":"https:\/\/www.politicosdosuldabahia.com.br\/v1\/wp-json\/wp\/v2\/comments?post=193922"}],"version-history":[{"count":1,"href":"https:\/\/www.politicosdosuldabahia.com.br\/v1\/wp-json\/wp\/v2\/posts\/193922\/revisions"}],"predecessor-version":[{"id":193924,"href":"https:\/\/www.politicosdosuldabahia.com.br\/v1\/wp-json\/wp\/v2\/posts\/193922\/revisions\/193924"}],"wp:featuredmedia":[{"embeddable":true,"href":"https:\/\/www.politicosdosuldabahia.com.br\/v1\/wp-json\/wp\/v2\/media\/193923"}],"wp:attachment":[{"href":"https:\/\/www.politicosdosuldabahia.com.br\/v1\/wp-json\/wp\/v2\/media?parent=193922"}],"wp:term":[{"taxonomy":"category","embeddable":true,"href":"https:\/\/www.politicosdosuldabahia.com.br\/v1\/wp-json\/wp\/v2\/categories?post=193922"},{"taxonomy":"post_tag","embeddable":true,"href":"https:\/\/www.politicosdosuldabahia.com.br\/v1\/wp-json\/wp\/v2\/tags?post=193922"}],"curies":[{"name":"wp","href":"https:\/\/api.w.org\/{rel}","templated":true}]}}