
{"id":193899,"date":"2025-10-14T10:41:23","date_gmt":"2025-10-14T13:41:23","guid":{"rendered":"https:\/\/www.politicosdosuldabahia.com.br\/v1\/?p=193899"},"modified":"2025-10-14T10:41:23","modified_gmt":"2025-10-14T13:41:23","slug":"urucuca-prefeita-magnolia-barreto-discute-expansao-do-abastecimento-de-agua-com-presidente-da-embasa","status":"publish","type":"post","link":"https:\/\/www.politicosdosuldabahia.com.br\/v1\/2025\/10\/14\/urucuca-prefeita-magnolia-barreto-discute-expansao-do-abastecimento-de-agua-com-presidente-da-embasa\/","title":{"rendered":"URU\u00c7UCA: PREFEITA MAGN\u00d3LIA BARRETO DISCUTE EXPANS\u00c3O DO ABASTECIMENTO DE \u00c1GUA COM PRESIDENTE DA EMBASA"},"content":{"rendered":"<p><img loading=\"lazy\" decoding=\"async\" class=\"wp-image-193900 aligncenter\" src=\"http:\/\/www.politicosdosuldabahia.com.br\/v1\/wp-content\/uploads\/2025\/10\/WhatsApp-Image-2025-10-14-at-10.37.51.jpeg\" alt=\"\" width=\"455\" height=\"336\" srcset=\"https:\/\/www.politicosdosuldabahia.com.br\/v1\/wp-content\/uploads\/2025\/10\/WhatsApp-Image-2025-10-14-at-10.37.51.jpeg 1600w, https:\/\/www.politicosdosuldabahia.com.br\/v1\/wp-content\/uploads\/2025\/10\/WhatsApp-Image-2025-10-14-at-10.37.51-300x222.jpeg 300w, https:\/\/www.politicosdosuldabahia.com.br\/v1\/wp-content\/uploads\/2025\/10\/WhatsApp-Image-2025-10-14-at-10.37.51-1024x756.jpeg 1024w, https:\/\/www.politicosdosuldabahia.com.br\/v1\/wp-content\/uploads\/2025\/10\/WhatsApp-Image-2025-10-14-at-10.37.51-768x567.jpeg 768w, https:\/\/www.politicosdosuldabahia.com.br\/v1\/wp-content\/uploads\/2025\/10\/WhatsApp-Image-2025-10-14-at-10.37.51-1536x1135.jpeg 1536w\" sizes=\"(max-width: 455px) 100vw, 455px\" \/><\/p>\n<h3 style=\"text-align: justify\">A prefeita de Uru\u00e7uca, Magn\u00f3lia Barreto, participou das comemora\u00e7\u00f5es pelos 60 anos da Federa\u00e7\u00e3o da Agricultura e Pecu\u00e1ria da Bahia (FAEB), em Salvador, e aproveitou a ocasi\u00e3o para dialogar com o presidente da EMBASA, Gildeone Almeida Santos, sobre demandas priorit\u00e1rias do munic\u00edpio.<\/h3>\n<h3 style=\"text-align: justify\">A gestora esteve acompanhada do administrador de Serra Grande, Moacyr Leite J\u00fanior, e destacou a import\u00e2ncia da parceria com a Embasa para garantir melhorias no sistema de abastecimento. Entre os principais temas abordados, esteve a amplia\u00e7\u00e3o do fornecimento de \u00e1gua para a Eco Vila 01, localizada no distrito de Serra Grande.<\/h3>\n<h3 style=\"text-align: justify\">Durante a conversa, a prefeita refor\u00e7ou o compromisso da gest\u00e3o municipal em buscar solu\u00e7\u00f5es sustent\u00e1veis e eficientes para o bem-estar da popula\u00e7\u00e3o, ressaltando que o di\u00e1logo com \u00f3rg\u00e3os estaduais \u00e9 essencial para o fortalecimento das a\u00e7\u00f5es em infraestrutura e desenvolvimento urbano.<\/h3>\n<h3 style=\"text-align: justify\">O encontro aconteceu durante a solenidade de celebra\u00e7\u00e3o das seis d\u00e9cadas da FAEB, realizada na Assembleia Legislativa da Bahia (AL-BA), que reuniu autoridades, produtores rurais e lideran\u00e7as do setor agropecu\u00e1rio.<\/h3>\n<h3 style=\"text-align: justify\">\u201cFoi um momento importante para fortalecer parcerias e reafirmar o nosso compromisso com o desenvolvimento sustent\u00e1vel de Uru\u00e7uca. Seguimos trabalhando para garantir mais qualidade de vida \u00e0 nossa popula\u00e7\u00e3o\u201d, afirmou a prefeita Magn\u00f3lia Barreto.<\/h3>\n","protected":false},"excerpt":{"rendered":"<p>A prefeita de Uru\u00e7uca, Magn\u00f3lia Barreto, participou das comemora\u00e7\u00f5es pelos 60 anos da Federa\u00e7\u00e3o da Agricultura e Pecu\u00e1ria da Bahia (FAEB), em Salvador, e aproveitou a ocasi\u00e3o para dialogar com o presidente da EMBASA, Gildeone Almeida Santos, sobre demandas priorit\u00e1rias do munic\u00edpio. A gestora esteve acompanhada do administrador de Serra Grande, Moacyr Leite J\u00fanior, e [&hellip;]<\/p>\n","protected":false},"author":992,"featured_media":193900,"comment_status":"open","ping_status":"closed","sticky":false,"template":"","format":"standard","meta":{"footnotes":"","_links_to":"","_links_to_target":""},"categories":[3],"tags":[],"class_list":["post-193899","post","type-post","status-publish","format-standard","has-post-thumbnail","hentry","category-cidades"],"views":182,"_links":{"self":[{"href":"https:\/\/www.politicosdosuldabahia.com.br\/v1\/wp-json\/wp\/v2\/posts\/193899"}],"collection":[{"href":"https:\/\/www.politicosdosuldabahia.com.br\/v1\/wp-json\/wp\/v2\/posts"}],"about":[{"href":"https:\/\/www.politicosdosuldabahia.com.br\/v1\/wp-json\/wp\/v2\/types\/post"}],"author":[{"embeddable":true,"href":"https:\/\/www.politicosdosuldabahia.com.br\/v1\/wp-json\/wp\/v2\/users\/992"}],"replies":[{"embeddable":true,"href":"https:\/\/www.politicosdosuldabahia.com.br\/v1\/wp-json\/wp\/v2\/comments?post=193899"}],"version-history":[{"count":1,"href":"https:\/\/www.politicosdosuldabahia.com.br\/v1\/wp-json\/wp\/v2\/posts\/193899\/revisions"}],"predecessor-version":[{"id":193901,"href":"https:\/\/www.politicosdosuldabahia.com.br\/v1\/wp-json\/wp\/v2\/posts\/193899\/revisions\/193901"}],"wp:featuredmedia":[{"embeddable":true,"href":"https:\/\/www.politicosdosuldabahia.com.br\/v1\/wp-json\/wp\/v2\/media\/193900"}],"wp:attachment":[{"href":"https:\/\/www.politicosdosuldabahia.com.br\/v1\/wp-json\/wp\/v2\/media?parent=193899"}],"wp:term":[{"taxonomy":"category","embeddable":true,"href":"https:\/\/www.politicosdosuldabahia.com.br\/v1\/wp-json\/wp\/v2\/categories?post=193899"},{"taxonomy":"post_tag","embeddable":true,"href":"https:\/\/www.politicosdosuldabahia.com.br\/v1\/wp-json\/wp\/v2\/tags?post=193899"}],"curies":[{"name":"wp","href":"https:\/\/api.w.org\/{rel}","templated":true}]}}