
{"id":193880,"date":"2025-10-13T14:36:32","date_gmt":"2025-10-13T17:36:32","guid":{"rendered":"https:\/\/www.politicosdosuldabahia.com.br\/v1\/?p=193880"},"modified":"2025-10-13T14:36:32","modified_gmt":"2025-10-13T17:36:32","slug":"coaraci-selecao-vence-novamente-e-avanca-as-oitavas-de-final-do-intermunicipal-2025","status":"publish","type":"post","link":"https:\/\/www.politicosdosuldabahia.com.br\/v1\/2025\/10\/13\/coaraci-selecao-vence-novamente-e-avanca-as-oitavas-de-final-do-intermunicipal-2025\/","title":{"rendered":"COARACI: SELE\u00c7\u00c3O VENCE NOVAMENTE E AVAN\u00c7A \u00c0S OITAVAS DE FINAL DO INTERMUNICIPAL 2025"},"content":{"rendered":"<p><img loading=\"lazy\" decoding=\"async\" class=\"size-full wp-image-193881 aligncenter\" src=\"http:\/\/www.politicosdosuldabahia.com.br\/v1\/wp-content\/uploads\/2025\/10\/WhatsApp-Image-2025-10-13-at-14.13.57.jpeg\" alt=\"\" width=\"345\" height=\"455\" srcset=\"https:\/\/www.politicosdosuldabahia.com.br\/v1\/wp-content\/uploads\/2025\/10\/WhatsApp-Image-2025-10-13-at-14.13.57.jpeg 345w, https:\/\/www.politicosdosuldabahia.com.br\/v1\/wp-content\/uploads\/2025\/10\/WhatsApp-Image-2025-10-13-at-14.13.57-227x300.jpeg 227w\" sizes=\"(max-width: 345px) 100vw, 345px\" \/><\/p>\n<h3 style=\"text-align: justify\">A Sele\u00e7\u00e3o de Coaraci segue fazendo hist\u00f3ria no Campeonato Intermunicipal 2025. Jogando em casa neste domingo, a equipe coaraciense venceu o jogo de volta contra a Sele\u00e7\u00e3o de Barrocas por 2 a 0, garantindo a classifica\u00e7\u00e3o para as oitavas de final da competi\u00e7\u00e3o.<\/h3>\n<h3 style=\"text-align: justify\">Com a vit\u00f3ria, Coaraci manteve os 100% de aproveitamento no torneio, tendo vencido todas as partidas disputadas at\u00e9 aqui \u2014 um feito que reafirma a for\u00e7a do elenco e o trabalho consistente da comiss\u00e3o t\u00e9cnica e da diretoria.<\/h3>\n<h3 style=\"text-align: justify\">Os gols da partida foram marcados em um est\u00e1dio tomado pela torcida, que mais uma vez deu um show \u00e0 parte, empurrando o time do in\u00edcio ao fim. Com o resultado, Coaraci agora se prepara para o pr\u00f3ximo desafio: o confronto contra a Sele\u00e7\u00e3o de Pojuca, v\u00e1lido pelas oitavas de final.<\/h3>\n<h3 style=\"text-align: justify\">Sob o apoio da gest\u00e3o municipal, atrav\u00e9s do prefeito Miltinho, o esporte local vive um momento especial, com incentivo e estrutura para que o munic\u00edpio volte a figurar entre os grandes do futebol do interior.<\/h3>\n<h3 style=\"text-align: justify\">\u201cEssa classifica\u00e7\u00e3o \u00e9 o reflexo do trabalho e da dedica\u00e7\u00e3o de todos que fazem parte da nossa Sele\u00e7\u00e3o. Coaraci est\u00e1 de parab\u00e9ns por essa campanha incr\u00edvel e seguiremos apoiando nossos atletas nessa caminhada\u201d, destacou o prefeito Miltinho.<\/h3>\n<h3 style=\"text-align: justify\">A Sele\u00e7\u00e3o volta aos treinos durante a semana, focada no pr\u00f3ximo desafio e com a confian\u00e7a da cidade em mais uma grande atua\u00e7\u00e3o.<\/h3>\n","protected":false},"excerpt":{"rendered":"<p>A Sele\u00e7\u00e3o de Coaraci segue fazendo hist\u00f3ria no Campeonato Intermunicipal 2025. Jogando em casa neste domingo, a equipe coaraciense venceu o jogo de volta contra a Sele\u00e7\u00e3o de Barrocas por 2 a 0, garantindo a classifica\u00e7\u00e3o para as oitavas de final da competi\u00e7\u00e3o. Com a vit\u00f3ria, Coaraci manteve os 100% de aproveitamento no torneio, tendo [&hellip;]<\/p>\n","protected":false},"author":992,"featured_media":193881,"comment_status":"open","ping_status":"closed","sticky":false,"template":"","format":"standard","meta":{"footnotes":"","_links_to":"","_links_to_target":""},"categories":[3],"tags":[],"class_list":["post-193880","post","type-post","status-publish","format-standard","has-post-thumbnail","hentry","category-cidades"],"views":413,"_links":{"self":[{"href":"https:\/\/www.politicosdosuldabahia.com.br\/v1\/wp-json\/wp\/v2\/posts\/193880"}],"collection":[{"href":"https:\/\/www.politicosdosuldabahia.com.br\/v1\/wp-json\/wp\/v2\/posts"}],"about":[{"href":"https:\/\/www.politicosdosuldabahia.com.br\/v1\/wp-json\/wp\/v2\/types\/post"}],"author":[{"embeddable":true,"href":"https:\/\/www.politicosdosuldabahia.com.br\/v1\/wp-json\/wp\/v2\/users\/992"}],"replies":[{"embeddable":true,"href":"https:\/\/www.politicosdosuldabahia.com.br\/v1\/wp-json\/wp\/v2\/comments?post=193880"}],"version-history":[{"count":1,"href":"https:\/\/www.politicosdosuldabahia.com.br\/v1\/wp-json\/wp\/v2\/posts\/193880\/revisions"}],"predecessor-version":[{"id":193882,"href":"https:\/\/www.politicosdosuldabahia.com.br\/v1\/wp-json\/wp\/v2\/posts\/193880\/revisions\/193882"}],"wp:featuredmedia":[{"embeddable":true,"href":"https:\/\/www.politicosdosuldabahia.com.br\/v1\/wp-json\/wp\/v2\/media\/193881"}],"wp:attachment":[{"href":"https:\/\/www.politicosdosuldabahia.com.br\/v1\/wp-json\/wp\/v2\/media?parent=193880"}],"wp:term":[{"taxonomy":"category","embeddable":true,"href":"https:\/\/www.politicosdosuldabahia.com.br\/v1\/wp-json\/wp\/v2\/categories?post=193880"},{"taxonomy":"post_tag","embeddable":true,"href":"https:\/\/www.politicosdosuldabahia.com.br\/v1\/wp-json\/wp\/v2\/tags?post=193880"}],"curies":[{"name":"wp","href":"https:\/\/api.w.org\/{rel}","templated":true}]}}